{"id":82021,"date":"2017-09-27T20:20:33","date_gmt":"2017-09-27T23:20:33","guid":{"rendered":"http:\/\/diarioregionaljf.com.br\/2017\/09\/27\/caminhao-carregado-com-leite-em-po-tomba-na-serra-de-argirita\/"},"modified":"2017-09-27T20:20:33","modified_gmt":"2017-09-27T23:20:33","slug":"caminhao-carregado-com-leite-em-po-tomba-na-serra-de-argirita","status":"publish","type":"post","link":"https:\/\/diarioregionaldigital.com.br\/?p=82021","title":{"rendered":"Caminh\u00e3o carregado com leite em p\u00f3 tomba na Serra de Argirita"},"content":{"rendered":"<p>Um caminh\u00e3o que transportava leite em p\u00f3 tombou na tarde desta quarta-feira, 27, quando trafegava pela BR-267, no quil\u00f4metro 28 da rodovia, na Serra de Argirita.<\/p>\n<p>O ve\u00edculo, com placas de Morro Agudo(SP), seguia sentido Norte quando perdeu o controle e tombou, deixando toda a carga espalhada pelo acostamento. A Pol\u00edcia Rodovi\u00e1ria Federal foi acionada e atendeu a ocorr\u00eancia, juntamente com militares do Corpo de Bombeiros de Leopoldina e o Servi\u00e7o de Atendimento M\u00f3vel de Urg\u00eancia (SAMU).<\/p>\n<p>O condutor, um homem de 68 anos, foi socorrido e encaminhado com ferimentos graves para o Pronto-Socorro Municipal da Casa de Caridade Leopoldinense. A pista n\u00e3o precisou ser interditada porque o caminh\u00e3o parou \u00e0s margens da via.<\/p>\n<p>Da reda\u00e7\u00e3o\/Colabora\u00e7\u00e3o O Vigilante Online<\/p>\n","protected":false},"excerpt":{"rendered":"<p>Um caminh\u00e3o que transportava leite em p\u00f3 tombou na tarde desta quarta-feira, 27, quando trafegava pela BR-267, no quil\u00f4metro 28 da rodovia, na Serra de Argirita. O ve\u00edculo, com placas de Morro Agudo(SP), seguia sentido Norte quando perdeu o controle e tombou, deixando toda a carga espalhada pelo acostamento. A Pol\u00edcia Rodovi\u00e1ria Federal foi acionada [&hellip;]<\/p>\n","protected":false},"author":96,"featured_media":82020,"comment_status":"closed","ping_status":"closed","sticky":false,"template":"","format":"standard","meta":{"footnotes":""},"categories":[252],"tags":[],"class_list":["post-82021","post","type-post","status-publish","format-standard","has-post-thumbnail","hentry","category-regiao"],"_links":{"self":[{"href":"https:\/\/diarioregionaldigital.com.br\/index.php?rest_route=\/wp\/v2\/posts\/82021","targetHints":{"allow":["GET"]}}],"collection":[{"href":"https:\/\/diarioregionaldigital.com.br\/index.php?rest_route=\/wp\/v2\/posts"}],"about":[{"href":"https:\/\/diarioregionaldigital.com.br\/index.php?rest_route=\/wp\/v2\/types\/post"}],"author":[{"embeddable":true,"href":"https:\/\/diarioregionaldigital.com.br\/index.php?rest_route=\/wp\/v2\/users\/96"}],"replies":[{"embeddable":true,"href":"https:\/\/diarioregionaldigital.com.br\/index.php?rest_route=%2Fwp%2Fv2%2Fcomments&post=82021"}],"version-history":[{"count":0,"href":"https:\/\/diarioregionaldigital.com.br\/index.php?rest_route=\/wp\/v2\/posts\/82021\/revisions"}],"wp:featuredmedia":[{"embeddable":true,"href":"https:\/\/diarioregionaldigital.com.br\/index.php?rest_route=\/wp\/v2\/media\/82020"}],"wp:attachment":[{"href":"https:\/\/diarioregionaldigital.com.br\/index.php?rest_route=%2Fwp%2Fv2%2Fmedia&parent=82021"}],"wp:term":[{"taxonomy":"category","embeddable":true,"href":"https:\/\/diarioregionaldigital.com.br\/index.php?rest_route=%2Fwp%2Fv2%2Fcategories&post=82021"},{"taxonomy":"post_tag","embeddable":true,"href":"https:\/\/diarioregionaldigital.com.br\/index.php?rest_route=%2Fwp%2Fv2%2Ftags&post=82021"}],"curies":[{"name":"wp","href":"https:\/\/api.w.org\/{rel}","templated":true}]}}