{"id":82019,"date":"2017-09-27T20:11:08","date_gmt":"2017-09-27T23:11:08","guid":{"rendered":"http:\/\/diarioregionaljf.com.br\/2017\/09\/27\/suspeitos-de-sequestro-sao-detidos-em-cataguases\/"},"modified":"2017-09-27T20:11:08","modified_gmt":"2017-09-27T23:11:08","slug":"suspeitos-de-sequestro-sao-detidos-em-cataguases","status":"publish","type":"post","link":"https:\/\/diarioregionaldigital.com.br\/?p=82019","title":{"rendered":"Suspeitos de sequestro s\u00e3o detidos em Cataguases"},"content":{"rendered":"<p>As Pol\u00edcias Militar e Civil obtiveram \u00eaxito em uma opera\u00e7\u00e3o conjunta realizada em Cataguases na manh\u00e3 desta quarta-feira, 27, ao deterem tr\u00eas suspeitos de terem atuado no sequestro de um idoso de 80 anos, em Santa Margarida(MG). A pris\u00e3o aconteceu no Mercado do Produtor, no centro da cidade, e nenhum disparo de arma de fogo foi efetuado, segundo informou o Major Willian Machado, comandante da PM. Pela PC, o delegado Diego Mattos esteve \u00e0 frente da opera\u00e7\u00e3o.<\/p>\n<p>Os tr\u00eas suspeitos &#8211; dois menores de idade, sendo um de Cataguases, residente da Vila Domingos Lopes &#8211; fazem parte de uma quadrilha de seis membros, que abordaram o ve\u00edculo dirigido pelo idoso. O carro da v\u00edtima foi parado pelo grupo em um posto de gasolina, no trevo de Santa Margarida. Armados, eles roubaram dinheiro e o ve\u00edculo, entre outros objetos, e sequestraram o homem, que foi libertado horas depois no trevo de Muria\u00e9. Os suspeitos seguiram para Cataguases.<\/p>\n<p>Segundo informou a PM, os tr\u00eas foram localizados gra\u00e7as ao trabalho de intelig\u00eancia das Pol\u00edcias Civil e Militar. Eles estavam pr\u00f3ximo ao mercado do Produtor, no carro roubado do idoso, quando foram detidos na opera\u00e7\u00e3o. Os dois menores foram apreendidos e o maior preso em flagrante. Eles foram levados para a Delegacia de Pol\u00edcia de Cataguases, onde prestam depoimento. Uma equipe da PC de Manhua\u00e7u est\u00e1 a caminho, para acompanhar o caso.<\/p>\n<p>Da reda\u00e7\u00e3o\/Colabora\u00e7\u00e3o Marcelo Lopes<\/p>\n","protected":false},"excerpt":{"rendered":"<p>As Pol\u00edcias Militar e Civil obtiveram \u00eaxito em uma opera\u00e7\u00e3o conjunta realizada em Cataguases na manh\u00e3 desta quarta-feira, 27, ao deterem tr\u00eas suspeitos de terem atuado no sequestro de um idoso de 80 anos, em Santa Margarida(MG). A pris\u00e3o aconteceu no Mercado do Produtor, no centro da cidade, e nenhum disparo de arma de fogo [&hellip;]<\/p>\n","protected":false},"author":96,"featured_media":82018,"comment_status":"closed","ping_status":"closed","sticky":false,"template":"","format":"standard","meta":{"footnotes":""},"categories":[252],"tags":[],"class_list":["post-82019","post","type-post","status-publish","format-standard","has-post-thumbnail","hentry","category-regiao"],"_links":{"self":[{"href":"https:\/\/diarioregionaldigital.com.br\/index.php?rest_route=\/wp\/v2\/posts\/82019","targetHints":{"allow":["GET"]}}],"collection":[{"href":"https:\/\/diarioregionaldigital.com.br\/index.php?rest_route=\/wp\/v2\/posts"}],"about":[{"href":"https:\/\/diarioregionaldigital.com.br\/index.php?rest_route=\/wp\/v2\/types\/post"}],"author":[{"embeddable":true,"href":"https:\/\/diarioregionaldigital.com.br\/index.php?rest_route=\/wp\/v2\/users\/96"}],"replies":[{"embeddable":true,"href":"https:\/\/diarioregionaldigital.com.br\/index.php?rest_route=%2Fwp%2Fv2%2Fcomments&post=82019"}],"version-history":[{"count":0,"href":"https:\/\/diarioregionaldigital.com.br\/index.php?rest_route=\/wp\/v2\/posts\/82019\/revisions"}],"wp:featuredmedia":[{"embeddable":true,"href":"https:\/\/diarioregionaldigital.com.br\/index.php?rest_route=\/wp\/v2\/media\/82018"}],"wp:attachment":[{"href":"https:\/\/diarioregionaldigital.com.br\/index.php?rest_route=%2Fwp%2Fv2%2Fmedia&parent=82019"}],"wp:term":[{"taxonomy":"category","embeddable":true,"href":"https:\/\/diarioregionaldigital.com.br\/index.php?rest_route=%2Fwp%2Fv2%2Fcategories&post=82019"},{"taxonomy":"post_tag","embeddable":true,"href":"https:\/\/diarioregionaldigital.com.br\/index.php?rest_route=%2Fwp%2Fv2%2Ftags&post=82019"}],"curies":[{"name":"wp","href":"https:\/\/api.w.org\/{rel}","templated":true}]}}