{"id":82017,"date":"2017-09-27T20:03:11","date_gmt":"2017-09-27T23:03:11","guid":{"rendered":"http:\/\/diarioregionaljf.com.br\/2017\/09\/27\/primeiro-secretario-da-camara-notifica-temer-e-ministros-sobre-denuncia\/"},"modified":"2017-09-27T20:03:11","modified_gmt":"2017-09-27T23:03:11","slug":"primeiro-secretario-da-camara-notifica-temer-e-ministros-sobre-denuncia","status":"publish","type":"post","link":"https:\/\/diarioregionaldigital.com.br\/?p=82017","title":{"rendered":"Primeiro-secret\u00e1rio da C\u00e2mara notifica Temer e ministros sobre den\u00fancia"},"content":{"rendered":"<p>O primeiro-secret\u00e1rio da C\u00e2mara, deputado Giacobo (PR-PR), notificou na tarde dessa quarta-feira, 27, oficialmente, o presidente da Rep\u00fablica, Michel Temer, e os ministros Eliseu Padilha, Casa Civil, e Moreira Franco, Secretaria-Geral, sobre a den\u00fancia encaminhada pelo do Supremo Tribunal Federal e lida em Plen\u00e1rio na ter\u00e7a-feira, 26.<\/p>\n<p>Giacobo entregou os documentos no Pal\u00e1cio do Planalto, para o subchefe de Assuntos Jur\u00eddicos da Casa Civil, Gustavo do Vale Rocha. \u201cEstou aqui cumprindo meu papel institucional, mas, como cidad\u00e3o brasileiro, estou triste pelo momento que o Brasil passa com todo esse mar de corrup\u00e7\u00e3o, e espero que o combate \u00e0 corrup\u00e7\u00e3o continue diuturnamente\u201d, disse.<\/p>\n<p>A notifica\u00e7\u00e3o estava prevista para ter\u00e7a-feira, mas de acordo com Giacobo, o documento chegou em uma formata\u00e7\u00e3o diferente daquela utilizada pela C\u00e2mara. Por essa raz\u00e3o, houve o atraso na entrega do documento, etapa necess\u00e1ria para que o andamento da den\u00fancia.<\/p>\n<p>&nbsp;<\/p>\n<h4>TRAMITA\u00c7\u00c3O<\/h4>\n<p>Temer e pol\u00edticos do PMDB, entre eles, Eliseu Padilha e Moreira Franco, foram acusados de participar de um suposto esquema com objetivo de obter vantagens indevidas em \u00f3rg\u00e3os da administra\u00e7\u00e3o p\u00fablica. Em nota, o Pal\u00e1cio do Planalto recha\u00e7ou as acusa\u00e7\u00f5es.<\/p>\n<p>Com a notifica\u00e7\u00e3o, a Solicita\u00e7\u00e3o para Instaura\u00e7\u00e3o de Processo (SIP) 2\/17 come\u00e7a a tramitar na Comiss\u00e3o de Constitui\u00e7\u00e3o e Justi\u00e7a e de Cidadania (CCJ), e o prazo de dez sess\u00f5es para apresenta\u00e7\u00e3o da defesa de Temer e dos ministros come\u00e7ou a contar a partir dessa quarta.<\/p>\n<p>Caber\u00e1 \u00e0 CCJ votar o parecer sobre o caso, de relator ainda a ser designado. Independentemente desse parecer, o Plen\u00e1rio dever\u00e1 decidir se autoriza ou n\u00e3o a abertura de processo no STF contra Temer, como determina a Constitui\u00e7\u00e3o.<\/p>\n<p>Fonte: Assessoria<\/p>\n","protected":false},"excerpt":{"rendered":"<p>O primeiro-secret\u00e1rio da C\u00e2mara, deputado Giacobo (PR-PR), notificou na tarde dessa quarta-feira, 27, oficialmente, o presidente da Rep\u00fablica, Michel Temer, e os ministros Eliseu Padilha, Casa Civil, e Moreira Franco, Secretaria-Geral, sobre a den\u00fancia encaminhada pelo do Supremo Tribunal Federal e lida em Plen\u00e1rio na ter\u00e7a-feira, 26. Giacobo entregou os documentos no Pal\u00e1cio do Planalto, [&hellip;]<\/p>\n","protected":false},"author":96,"featured_media":82016,"comment_status":"closed","ping_status":"closed","sticky":false,"template":"","format":"standard","meta":{"footnotes":""},"categories":[254],"tags":[],"class_list":["post-82017","post","type-post","status-publish","format-standard","has-post-thumbnail","hentry","category-politica"],"_links":{"self":[{"href":"https:\/\/diarioregionaldigital.com.br\/index.php?rest_route=\/wp\/v2\/posts\/82017","targetHints":{"allow":["GET"]}}],"collection":[{"href":"https:\/\/diarioregionaldigital.com.br\/index.php?rest_route=\/wp\/v2\/posts"}],"about":[{"href":"https:\/\/diarioregionaldigital.com.br\/index.php?rest_route=\/wp\/v2\/types\/post"}],"author":[{"embeddable":true,"href":"https:\/\/diarioregionaldigital.com.br\/index.php?rest_route=\/wp\/v2\/users\/96"}],"replies":[{"embeddable":true,"href":"https:\/\/diarioregionaldigital.com.br\/index.php?rest_route=%2Fwp%2Fv2%2Fcomments&post=82017"}],"version-history":[{"count":0,"href":"https:\/\/diarioregionaldigital.com.br\/index.php?rest_route=\/wp\/v2\/posts\/82017\/revisions"}],"wp:featuredmedia":[{"embeddable":true,"href":"https:\/\/diarioregionaldigital.com.br\/index.php?rest_route=\/wp\/v2\/media\/82016"}],"wp:attachment":[{"href":"https:\/\/diarioregionaldigital.com.br\/index.php?rest_route=%2Fwp%2Fv2%2Fmedia&parent=82017"}],"wp:term":[{"taxonomy":"category","embeddable":true,"href":"https:\/\/diarioregionaldigital.com.br\/index.php?rest_route=%2Fwp%2Fv2%2Fcategories&post=82017"},{"taxonomy":"post_tag","embeddable":true,"href":"https:\/\/diarioregionaldigital.com.br\/index.php?rest_route=%2Fwp%2Fv2%2Ftags&post=82017"}],"curies":[{"name":"wp","href":"https:\/\/api.w.org\/{rel}","templated":true}]}}