{"id":82015,"date":"2017-09-27T20:00:31","date_gmt":"2017-09-27T23:00:31","guid":{"rendered":"http:\/\/diarioregionaljf.com.br\/2017\/09\/27\/prefeitura-de-barbacena-vai-conceder-anistia-de-ate-100-sobre-juros-e-multas\/"},"modified":"2017-09-27T20:00:31","modified_gmt":"2017-09-27T23:00:31","slug":"prefeitura-de-barbacena-vai-conceder-anistia-de-ate-100-sobre-juros-e-multas","status":"publish","type":"post","link":"https:\/\/diarioregionaldigital.com.br\/?p=82015","title":{"rendered":"Prefeitura de Barbacena vai conceder anistia de at\u00e9 100% sobre juros e multas"},"content":{"rendered":"<p>Est\u00e1 em vigor a Lei N\u00ba4830, sancionada pelo prefeito Luis \u00c1lvaro, no dia 22 de setembro, concedendo anistia (perd\u00e3o fiscal) a juros e multas da d\u00edvida ativa inscrita at\u00e9 31 de dezembro de 2016.<\/p>\n<p>A lei \u00e9 decorrente do projeto de iniciativa do prefeito, enviado \u00e0 C\u00e2mara em 25 de agosto, e dar\u00e1 aos contribuintes em d\u00e9bito o benef\u00edcio nas seguintes propor\u00e7\u00f5es:<\/p>\n<p>&#8211; 100% de perd\u00e3o total de juros e multas para pagamento a vista, em parcela \u00fanica;<br \/>&#8211; 80% para pagamento em 4 parcelas;<br \/>&#8211; 70% para pagamento em 8parcelas;<br \/>&#8211; 60% para pagamento em 14 parcelas;<br \/>&#8211; 50% para pagamento em 20 parcelas; e<br \/>&#8211; 30% para pagamento em mais de 20 e at\u00e9 40 parcelas.<\/p>\n<p>D\u00edvidas maiores que R$50 mil poder\u00e3o ser parceladas em mais de 20 e at\u00e9 40, mas com redu\u00e7\u00e3o dos descontos a 20% para contribuintes em geral e amplia\u00e7\u00e3o para 50% para entidades filantr\u00f3picas.<\/p>\n<h4>AUDI\u00caNCIAS DE CONCILIA\u00c7\u00c3O NO F\u00d3RUM<\/h4>\n<p>Contribuintes em d\u00edvida ativa, que receberam ou receberem notifica\u00e7\u00e3o ou convoca\u00e7\u00e3o do juiz de direito para audi\u00eancia de concilia\u00e7\u00e3o, poder\u00e3o fazer acordo para o pagamento da d\u00edvida executada, com os benef\u00edcios da anistia a juros e multas, concedidos pela Lei 4.830\/2017.<br \/>As audi\u00eancias ser\u00e3o realizadas na Sala do Centro Judici\u00e1rio de Solu\u00e7\u00e3o de Conflitos e Cidadania (Cejusc), no F\u00f3rum Mendes Pimentel, nos dias e hor\u00e1rios constantes das convoca\u00e7\u00f5es do Judici\u00e1rio.<\/p>\n<p>A Advocacia Geral do Munic\u00edpio (AGM) e a Secretaria Municipal de Fazenda (Sefaz) manter\u00e3o representantes em plant\u00e3o junto ao Cejusc para atendimento aos contribuintes que poder\u00e3o exercer a op\u00e7\u00e3o pelo pagamento com os descontos de juros e multas, encerrando ou suspendendo a execu\u00e7\u00e3o no ato da audi\u00eancia.<\/p>\n<p>Fonte: Assessoria<\/p>\n<p style=\"margin: 0cm 0cm 0.0001pt; text-align: justify; background-image: initial; background-position: initial; background-size: initial; background-repeat: initial; background-attachment: initial; background-origin: initial; background-clip: initial;\"><strong><span style=\"font-family: 'Arial','sans-serif';\">AUDI\u00caNCIAS DE CONCILIA\u00c7\u00c3O NO F\u00d3RUM<\/span><\/strong><span style=\"font-family: 'Arial','sans-serif';\"><\/span><\/p>\n","protected":false},"excerpt":{"rendered":"<p>Est\u00e1 em vigor a Lei N\u00ba4830, sancionada pelo prefeito Luis \u00c1lvaro, no dia 22 de setembro, concedendo anistia (perd\u00e3o fiscal) a juros e multas da d\u00edvida ativa inscrita at\u00e9 31 de dezembro de 2016. A lei \u00e9 decorrente do projeto de iniciativa do prefeito, enviado \u00e0 C\u00e2mara em 25 de agosto, e dar\u00e1 aos contribuintes [&hellip;]<\/p>\n","protected":false},"author":96,"featured_media":82014,"comment_status":"closed","ping_status":"closed","sticky":false,"template":"","format":"standard","meta":{"footnotes":""},"categories":[252],"tags":[],"class_list":["post-82015","post","type-post","status-publish","format-standard","has-post-thumbnail","hentry","category-regiao"],"_links":{"self":[{"href":"https:\/\/diarioregionaldigital.com.br\/index.php?rest_route=\/wp\/v2\/posts\/82015","targetHints":{"allow":["GET"]}}],"collection":[{"href":"https:\/\/diarioregionaldigital.com.br\/index.php?rest_route=\/wp\/v2\/posts"}],"about":[{"href":"https:\/\/diarioregionaldigital.com.br\/index.php?rest_route=\/wp\/v2\/types\/post"}],"author":[{"embeddable":true,"href":"https:\/\/diarioregionaldigital.com.br\/index.php?rest_route=\/wp\/v2\/users\/96"}],"replies":[{"embeddable":true,"href":"https:\/\/diarioregionaldigital.com.br\/index.php?rest_route=%2Fwp%2Fv2%2Fcomments&post=82015"}],"version-history":[{"count":0,"href":"https:\/\/diarioregionaldigital.com.br\/index.php?rest_route=\/wp\/v2\/posts\/82015\/revisions"}],"wp:featuredmedia":[{"embeddable":true,"href":"https:\/\/diarioregionaldigital.com.br\/index.php?rest_route=\/wp\/v2\/media\/82014"}],"wp:attachment":[{"href":"https:\/\/diarioregionaldigital.com.br\/index.php?rest_route=%2Fwp%2Fv2%2Fmedia&parent=82015"}],"wp:term":[{"taxonomy":"category","embeddable":true,"href":"https:\/\/diarioregionaldigital.com.br\/index.php?rest_route=%2Fwp%2Fv2%2Fcategories&post=82015"},{"taxonomy":"post_tag","embeddable":true,"href":"https:\/\/diarioregionaldigital.com.br\/index.php?rest_route=%2Fwp%2Fv2%2Ftags&post=82015"}],"curies":[{"name":"wp","href":"https:\/\/api.w.org\/{rel}","templated":true}]}}