{"id":82010,"date":"2017-09-27T19:43:09","date_gmt":"2017-09-27T22:43:09","guid":{"rendered":"http:\/\/diarioregionaljf.com.br\/2017\/09\/27\/pagamento-dos-servidores-da-pjf-sera-feito-nesta-sexta-feira\/"},"modified":"2017-09-27T19:43:09","modified_gmt":"2017-09-27T22:43:09","slug":"pagamento-dos-servidores-da-pjf-sera-feito-nesta-sexta-feira","status":"publish","type":"post","link":"https:\/\/diarioregionaldigital.com.br\/?p=82010","title":{"rendered":"Pagamento dos servidores da PJF ser\u00e1 feito nesta sexta-feira"},"content":{"rendered":"<p>O pagamento mensal dos servidores da Prefeitura de Juiz de Fora (PJF) referente a setembro ser\u00e1 realizado nesta sexta-feira, 29, \u00faltimo dia \u00fatil do m\u00eas. A medida foi poss\u00edvel em virtude das a\u00e7\u00f5es que a PJF tem adotado em busca do equil\u00edbrio fiscal, mesmo ainda ocorrendo atraso de alguns repasses.<\/p>\n<p>No in\u00edcio de setembro, a PJF publicou o decreto n\u00ba 13063, que adequa os prazos da Folha de Pagamento da Administra\u00e7\u00e3o Direta do Munic\u00edpio de Juiz de Fora dentro do cen\u00e1rio atual, permitindo a quita\u00e7\u00e3o at\u00e9 o quinto dia \u00fatil do m\u00eas subsequente, quando houver necessidade.<\/p>\n<p>Essa medida visa \u00e0 manuten\u00e7\u00e3o do pagamento dos sal\u00e1rios dos servidores em dia e possibilita que estes possam se planejar em rela\u00e7\u00e3o aos seus compromissos financeiros considerando esta nova realidade.<\/p>\n<p>Fonte: Assessoria<\/p>\n","protected":false},"excerpt":{"rendered":"<p>O pagamento mensal dos servidores da Prefeitura de Juiz de Fora (PJF) referente a setembro ser\u00e1 realizado nesta sexta-feira, 29, \u00faltimo dia \u00fatil do m\u00eas. A medida foi poss\u00edvel em virtude das a\u00e7\u00f5es que a PJF tem adotado em busca do equil\u00edbrio fiscal, mesmo ainda ocorrendo atraso de alguns repasses. No in\u00edcio de setembro, a [&hellip;]<\/p>\n","protected":false},"author":96,"featured_media":82009,"comment_status":"closed","ping_status":"closed","sticky":false,"template":"","format":"standard","meta":{"footnotes":""},"categories":[253],"tags":[],"class_list":["post-82010","post","type-post","status-publish","format-standard","has-post-thumbnail","hentry","category-cidade"],"_links":{"self":[{"href":"https:\/\/diarioregionaldigital.com.br\/index.php?rest_route=\/wp\/v2\/posts\/82010","targetHints":{"allow":["GET"]}}],"collection":[{"href":"https:\/\/diarioregionaldigital.com.br\/index.php?rest_route=\/wp\/v2\/posts"}],"about":[{"href":"https:\/\/diarioregionaldigital.com.br\/index.php?rest_route=\/wp\/v2\/types\/post"}],"author":[{"embeddable":true,"href":"https:\/\/diarioregionaldigital.com.br\/index.php?rest_route=\/wp\/v2\/users\/96"}],"replies":[{"embeddable":true,"href":"https:\/\/diarioregionaldigital.com.br\/index.php?rest_route=%2Fwp%2Fv2%2Fcomments&post=82010"}],"version-history":[{"count":0,"href":"https:\/\/diarioregionaldigital.com.br\/index.php?rest_route=\/wp\/v2\/posts\/82010\/revisions"}],"wp:featuredmedia":[{"embeddable":true,"href":"https:\/\/diarioregionaldigital.com.br\/index.php?rest_route=\/wp\/v2\/media\/82009"}],"wp:attachment":[{"href":"https:\/\/diarioregionaldigital.com.br\/index.php?rest_route=%2Fwp%2Fv2%2Fmedia&parent=82010"}],"wp:term":[{"taxonomy":"category","embeddable":true,"href":"https:\/\/diarioregionaldigital.com.br\/index.php?rest_route=%2Fwp%2Fv2%2Fcategories&post=82010"},{"taxonomy":"post_tag","embeddable":true,"href":"https:\/\/diarioregionaldigital.com.br\/index.php?rest_route=%2Fwp%2Fv2%2Ftags&post=82010"}],"curies":[{"name":"wp","href":"https:\/\/api.w.org\/{rel}","templated":true}]}}