{"id":82006,"date":"2017-09-27T19:29:23","date_gmt":"2017-09-27T22:29:23","guid":{"rendered":"http:\/\/diarioregionaljf.com.br\/2017\/09\/27\/homem-tem-carro-roubado-no-progresso\/"},"modified":"2017-09-27T19:29:23","modified_gmt":"2017-09-27T22:29:23","slug":"homem-tem-carro-roubado-no-progresso","status":"publish","type":"post","link":"https:\/\/diarioregionaldigital.com.br\/?p=82006","title":{"rendered":"Homem tem carro roubado no Progresso"},"content":{"rendered":"<p>Um homem de 34 anos teve seu carro furtado na Rua Jorge Knopp, bairro Progresso, zona Leste, na noite dessa ter\u00e7a-feira, 26. Segundo o Boletim de Ocorr\u00eancias (BO) da Pol\u00edcia Militar (PM), a v\u00edtima relatou que estacionou o ve\u00edculo no local na tarde de segunda-feira, 25, e, ao retornar, n\u00e3o mais o encontrou.<\/p>\n<p>O homem foi orientado sobre as medidas a serem tomadas.<\/p>\n","protected":false},"excerpt":{"rendered":"<p>Um homem de 34 anos teve seu carro furtado na Rua Jorge Knopp, bairro Progresso, zona Leste, na noite dessa ter\u00e7a-feira, 26. Segundo o Boletim de Ocorr\u00eancias (BO) da Pol\u00edcia Militar (PM), a v\u00edtima relatou que estacionou o ve\u00edculo no local na tarde de segunda-feira, 25, e, ao retornar, n\u00e3o mais o encontrou. O homem [&hellip;]<\/p>\n","protected":false},"author":96,"featured_media":82005,"comment_status":"closed","ping_status":"closed","sticky":false,"template":"","format":"standard","meta":{"footnotes":""},"categories":[301],"tags":[],"class_list":["post-82006","post","type-post","status-publish","format-standard","has-post-thumbnail","hentry","category-artigos-policiais"],"_links":{"self":[{"href":"https:\/\/diarioregionaldigital.com.br\/index.php?rest_route=\/wp\/v2\/posts\/82006","targetHints":{"allow":["GET"]}}],"collection":[{"href":"https:\/\/diarioregionaldigital.com.br\/index.php?rest_route=\/wp\/v2\/posts"}],"about":[{"href":"https:\/\/diarioregionaldigital.com.br\/index.php?rest_route=\/wp\/v2\/types\/post"}],"author":[{"embeddable":true,"href":"https:\/\/diarioregionaldigital.com.br\/index.php?rest_route=\/wp\/v2\/users\/96"}],"replies":[{"embeddable":true,"href":"https:\/\/diarioregionaldigital.com.br\/index.php?rest_route=%2Fwp%2Fv2%2Fcomments&post=82006"}],"version-history":[{"count":0,"href":"https:\/\/diarioregionaldigital.com.br\/index.php?rest_route=\/wp\/v2\/posts\/82006\/revisions"}],"wp:featuredmedia":[{"embeddable":true,"href":"https:\/\/diarioregionaldigital.com.br\/index.php?rest_route=\/wp\/v2\/media\/82005"}],"wp:attachment":[{"href":"https:\/\/diarioregionaldigital.com.br\/index.php?rest_route=%2Fwp%2Fv2%2Fmedia&parent=82006"}],"wp:term":[{"taxonomy":"category","embeddable":true,"href":"https:\/\/diarioregionaldigital.com.br\/index.php?rest_route=%2Fwp%2Fv2%2Fcategories&post=82006"},{"taxonomy":"post_tag","embeddable":true,"href":"https:\/\/diarioregionaldigital.com.br\/index.php?rest_route=%2Fwp%2Fv2%2Ftags&post=82006"}],"curies":[{"name":"wp","href":"https:\/\/api.w.org\/{rel}","templated":true}]}}