{"id":82004,"date":"2017-09-27T19:25:21","date_gmt":"2017-09-27T22:25:21","guid":{"rendered":"http:\/\/diarioregionaljf.com.br\/2017\/09\/27\/taxa-do-rotativo-do-cartao-de-credito-cai-para-221-4-ao-ano-em-agosto\/"},"modified":"2017-09-27T19:25:21","modified_gmt":"2017-09-27T22:25:21","slug":"taxa-do-rotativo-do-cartao-de-credito-cai-para-221-4-ao-ano-em-agosto","status":"publish","type":"post","link":"https:\/\/diarioregionaldigital.com.br\/?p=82004","title":{"rendered":"Taxa do rotativo do cart\u00e3o de cr\u00e9dito cai para 221,4% ao ano em agosto"},"content":{"rendered":"<p>A taxa de juros do rotativo do cart\u00e3o de cr\u00e9dito para quem paga o valor m\u00ednimo da fatura em dia continuou a cair, em agosto. A taxa chegou a 221,4% ao ano no m\u00eas passado, com redu\u00e7\u00e3o de 2,4 pontos percentuais em rela\u00e7\u00e3o a julho, de acordo com dados divulgados nesta quarta-feira, 27, pelo Banco Central (BC), em Bras\u00edlia.<\/p>\n<p>J\u00e1 a taxa cobrada dos consumidores que n\u00e3o pagaram ou atrasaram o pagamento m\u00ednimo da fatura subiu 2,1 pontos indo para 506,1% ao ano, em agosto. Com isso, a taxa m\u00e9dia da modalidade de cr\u00e9dito ficou em 397,4% ao ano, com queda de 1,6 ponto percentual em rela\u00e7\u00e3o a julho.<\/p>\n<p>O rotativo \u00e9 o cr\u00e9dito tomado pelo consumidor quando paga menos que o valor integral da fatura do cart\u00e3o. Desde abril, os consumidores que n\u00e3o conseguem pagar integralmente a fatura do cart\u00e3o de cr\u00e9dito s\u00f3 podem ficar no cr\u00e9dito rotativo por 30 dias.&nbsp;A nova regra, fixada em janeiro pelo Conselho Monet\u00e1rio Nacional (CMN), obrigou as institui\u00e7\u00f5es financeiras a transferirem a d\u00edvida para o cr\u00e9dito parcelado, que tem taxas menores. A taxa do cr\u00e9dito parcelado subiu 1,3 ponto percentual para 161% ao ano, em agosto.<\/p>\n<p><strong>Avalia\u00e7\u00e3o das mudan\u00e7as<\/strong><\/p>\n<p>O chefe do Departamento de Estat\u00edsticas do BC, Fernando Rocha, avaliou que a medida de restri\u00e7\u00e3o do tempo de perman\u00eancia no rotativo foi efetiva, porque os juros ca\u00edram quase pela metade, de mar\u00e7o, quando estava em 431,1% ao ano, para 221,4% ao ano, no m\u00eas passado.<\/p>\n<p>\u201cA medida nos parece bem-sucedida, alcan\u00e7ando seus objetivos. Mas ainda h\u00e1 quest\u00f5es relacionadas com taxas de juros muito elevadas [do rotativo n\u00e3o regular] e um saldo que permanece l\u00e1\u201d, disse.<\/p>\n<p>O saldo do rotativo n\u00e3o regular do cart\u00e3o continua maior que o daqueles que pagam pelo menos o m\u00ednimo da fatura (regular). Em mar\u00e7o, o saldo do cr\u00e9dito regular era de R$16,815 bilh\u00f5es e chegou a R$12,891 bilh\u00f5es, em agosto. No caso do n\u00e3o regular, o saldo foi de R$21,898 bilh\u00f5es em mar\u00e7o, subiu para R$ 23,138 bilh\u00f5es em abril e ficou em R$ 20,666 bilh\u00f5es. No caso do cr\u00e9dito parcelado, com taxas mais altas em rela\u00e7\u00e3o a outras modalidades de cr\u00e9dito, saiu de R$11,272 bilh\u00f5es, em mar\u00e7o, para R$16,383 bilh\u00f5es, em agosto.<\/p>\n<p>Para Rocha, \u00e9 preciso ampliar a educa\u00e7\u00e3o financeira da popula\u00e7\u00e3o. \u201cTem pessoas que n\u00e3o est\u00e3o, de fato, conseguindo pagar as suas d\u00edvidas. Os juros que incidem sobre isso v\u00e3o tornar cada vez mais dif\u00edcil que o fa\u00e7am\u201d, disse. Rocha acrescentou h\u00e1 pessoas que n\u00e3o pagam a fatura do cart\u00e3o porque perderam renda ou emprego ou n\u00e3o planejaram as despesas adequadamente.<\/p>\n<p><strong>Cheque especial<\/strong><\/p>\n<p>A taxa de juros do cheque especial ficou em 317,3% ao ano em agosto, com redu\u00e7\u00e3o de 4 pontos percentuais em rela\u00e7\u00e3o a julho.&nbsp;A taxa m\u00e9dia de juros para as fam\u00edlias caiu 1,5 ponto percentual para 62,3% ao ano, no m\u00eas passado. No caso das empresas, a taxa foi reduzida em 0,9 ponto percentual para 24,4% ao ano.<\/p>\n<p>A inadimpl\u00eancia do cr\u00e9dito, considerados atrasos acima de 90 dias, para pessoas f\u00edsicas, ficou em 5,6%, com redu\u00e7\u00e3o de 0,1 ponto percentual em rela\u00e7\u00e3o a julho. No caso das pessoas jur\u00eddicas, a inadimpl\u00eancia permaneceu em 5,5%. Esses dados s\u00e3o do cr\u00e9dito livre, em que os bancos t\u00eam autonomia para aplicar dinheiro captado no mercado.<\/p>\n<p>No caso do cr\u00e9dito direcionado (empr\u00e9stimos com regras definidas pelo governo, destinados, basicamente, aos setores habitacional, rural e de infraestrutura) os juros para as pessoas f\u00edsicas ca\u00edram 0,5 ponto percentual indo para 8,5% ao ano. A taxa cobrada das empresas subiu 0,6 ponto percentual para 12,2% ao ano. A inadimpl\u00eancia permaneceu em 2,1% para as fam\u00edlias e em 1,5%, no caso das empresas.<\/p>\n<p>O saldo de todas as opera\u00e7\u00f5es de cr\u00e9dito concedido pelos bancos ficou em R$3,046 trilh\u00f5es, com redu\u00e7\u00e3o 0,1%, no m\u00eas. Em 12 meses, houve retra\u00e7\u00e3o de 2,2%. Em rela\u00e7\u00e3o a tudo o que o pa\u00eds produz \u2013 Produto Interno Bruto (PIB) \u2013 o volume correspondeu a 47,1%, com redu\u00e7\u00e3o de 0,1 ponto percentual em rela\u00e7\u00e3o a julho.<\/p>\n<hr \/>\n<p>&nbsp;Fonte: Ag\u00eancia Brasil<\/p>\n","protected":false},"excerpt":{"rendered":"<p>A taxa de juros do rotativo do cart\u00e3o de cr\u00e9dito para quem paga o valor m\u00ednimo da fatura em dia continuou a cair, em agosto. A taxa chegou a 221,4% ao ano no m\u00eas passado, com redu\u00e7\u00e3o de 2,4 pontos percentuais em rela\u00e7\u00e3o a julho, de acordo com dados divulgados nesta quarta-feira, 27, pelo Banco [&hellip;]<\/p>\n","protected":false},"author":96,"featured_media":82003,"comment_status":"closed","ping_status":"closed","sticky":false,"template":"","format":"standard","meta":{"footnotes":""},"categories":[261],"tags":[],"class_list":["post-82004","post","type-post","status-publish","format-standard","has-post-thumbnail","hentry","category-economia"],"_links":{"self":[{"href":"https:\/\/diarioregionaldigital.com.br\/index.php?rest_route=\/wp\/v2\/posts\/82004","targetHints":{"allow":["GET"]}}],"collection":[{"href":"https:\/\/diarioregionaldigital.com.br\/index.php?rest_route=\/wp\/v2\/posts"}],"about":[{"href":"https:\/\/diarioregionaldigital.com.br\/index.php?rest_route=\/wp\/v2\/types\/post"}],"author":[{"embeddable":true,"href":"https:\/\/diarioregionaldigital.com.br\/index.php?rest_route=\/wp\/v2\/users\/96"}],"replies":[{"embeddable":true,"href":"https:\/\/diarioregionaldigital.com.br\/index.php?rest_route=%2Fwp%2Fv2%2Fcomments&post=82004"}],"version-history":[{"count":0,"href":"https:\/\/diarioregionaldigital.com.br\/index.php?rest_route=\/wp\/v2\/posts\/82004\/revisions"}],"wp:featuredmedia":[{"embeddable":true,"href":"https:\/\/diarioregionaldigital.com.br\/index.php?rest_route=\/wp\/v2\/media\/82003"}],"wp:attachment":[{"href":"https:\/\/diarioregionaldigital.com.br\/index.php?rest_route=%2Fwp%2Fv2%2Fmedia&parent=82004"}],"wp:term":[{"taxonomy":"category","embeddable":true,"href":"https:\/\/diarioregionaldigital.com.br\/index.php?rest_route=%2Fwp%2Fv2%2Fcategories&post=82004"},{"taxonomy":"post_tag","embeddable":true,"href":"https:\/\/diarioregionaldigital.com.br\/index.php?rest_route=%2Fwp%2Fv2%2Ftags&post=82004"}],"curies":[{"name":"wp","href":"https:\/\/api.w.org\/{rel}","templated":true}]}}