{"id":82002,"date":"2017-09-27T19:23:29","date_gmt":"2017-09-27T22:23:29","guid":{"rendered":"http:\/\/diarioregionaljf.com.br\/2017\/09\/27\/foragido-da-justica-e-preso-durante-patrulhamento-da-pm\/"},"modified":"2017-09-27T19:23:29","modified_gmt":"2017-09-27T22:23:29","slug":"foragido-da-justica-e-preso-durante-patrulhamento-da-pm","status":"publish","type":"post","link":"https:\/\/diarioregionaldigital.com.br\/?p=82002","title":{"rendered":"Foragido da justi\u00e7a \u00e9 preso durante patrulhamento da PM"},"content":{"rendered":"<p>Um homem de 26 anos foi preso pela Pol\u00edcia Militar (PM) durante patrulhamento na Rua Silvestre Ara\u00fajo Porto, bairro Marumbi, zona Leste. De acordo com informa\u00e7\u00f5es da PM, o autor apresentava atitude suspeita e, ap\u00f3s abordagem, os militares contataram que havia um mandado de pris\u00e3o contra o mesmo.<\/p>\n<p>O homem foi detido e conduzido \u00e0 presen\u00e7a da autoridade de pol\u00edcia judici\u00e1ria.<\/p>\n","protected":false},"excerpt":{"rendered":"<p>Um homem de 26 anos foi preso pela Pol\u00edcia Militar (PM) durante patrulhamento na Rua Silvestre Ara\u00fajo Porto, bairro Marumbi, zona Leste. De acordo com informa\u00e7\u00f5es da PM, o autor apresentava atitude suspeita e, ap\u00f3s abordagem, os militares contataram que havia um mandado de pris\u00e3o contra o mesmo. O homem foi detido e conduzido \u00e0 [&hellip;]<\/p>\n","protected":false},"author":96,"featured_media":82001,"comment_status":"closed","ping_status":"closed","sticky":false,"template":"","format":"standard","meta":{"footnotes":""},"categories":[301],"tags":[],"class_list":["post-82002","post","type-post","status-publish","format-standard","has-post-thumbnail","hentry","category-artigos-policiais"],"_links":{"self":[{"href":"https:\/\/diarioregionaldigital.com.br\/index.php?rest_route=\/wp\/v2\/posts\/82002","targetHints":{"allow":["GET"]}}],"collection":[{"href":"https:\/\/diarioregionaldigital.com.br\/index.php?rest_route=\/wp\/v2\/posts"}],"about":[{"href":"https:\/\/diarioregionaldigital.com.br\/index.php?rest_route=\/wp\/v2\/types\/post"}],"author":[{"embeddable":true,"href":"https:\/\/diarioregionaldigital.com.br\/index.php?rest_route=\/wp\/v2\/users\/96"}],"replies":[{"embeddable":true,"href":"https:\/\/diarioregionaldigital.com.br\/index.php?rest_route=%2Fwp%2Fv2%2Fcomments&post=82002"}],"version-history":[{"count":0,"href":"https:\/\/diarioregionaldigital.com.br\/index.php?rest_route=\/wp\/v2\/posts\/82002\/revisions"}],"wp:featuredmedia":[{"embeddable":true,"href":"https:\/\/diarioregionaldigital.com.br\/index.php?rest_route=\/wp\/v2\/media\/82001"}],"wp:attachment":[{"href":"https:\/\/diarioregionaldigital.com.br\/index.php?rest_route=%2Fwp%2Fv2%2Fmedia&parent=82002"}],"wp:term":[{"taxonomy":"category","embeddable":true,"href":"https:\/\/diarioregionaldigital.com.br\/index.php?rest_route=%2Fwp%2Fv2%2Fcategories&post=82002"},{"taxonomy":"post_tag","embeddable":true,"href":"https:\/\/diarioregionaldigital.com.br\/index.php?rest_route=%2Fwp%2Fv2%2Ftags&post=82002"}],"curies":[{"name":"wp","href":"https:\/\/api.w.org\/{rel}","templated":true}]}}