{"id":81998,"date":"2017-09-27T19:18:47","date_gmt":"2017-09-27T22:18:47","guid":{"rendered":"http:\/\/diarioregionaljf.com.br\/2017\/09\/27\/projeto-visitas-guiadas-no-parque-da-lajinha-esta-com-agenda-aberta\/"},"modified":"2017-09-27T19:18:47","modified_gmt":"2017-09-27T22:18:47","slug":"projeto-visitas-guiadas-no-parque-da-lajinha-esta-com-agenda-aberta","status":"publish","type":"post","link":"https:\/\/diarioregionaldigital.com.br\/?p=81998","title":{"rendered":"Projeto \u201cVisitas Guiadas\u201d no Parque da Lajinha est\u00e1 com agenda aberta"},"content":{"rendered":"<p>Um dos principais pontos tur\u00edsticos de Juiz de Fora, o Parque Natural Municipal da Lajinha est\u00e1 com agenda aberta para marca\u00e7\u00e3o das \u201cVisitas Guiadas\u201d. O projeto \u00e9 iniciativa de educa\u00e7\u00e3o ambiental, promovido pela Secretaria de Meio Ambiente (SMA) da Prefeitura de Juiz de Fora (PJF). Em 2016, o local recebeu 132 institui\u00e7\u00f5es, com 5.167 participantes, em sua maioria estudantes da rede p\u00fablica de ensino.<\/p>\n<p>As visitas, realizadas de quarta a sexta-feira, devem ser agendadas no Departamento de Educa\u00e7\u00e3o Ambiental e Prote\u00e7\u00e3o dos Recursos Naturais (Deapren) da SMA, pelo telefone 3690-7118. O servi\u00e7o \u00e9 gratuito e deve ser agendado com, pelo menos, sete dias de anteced\u00eancia.<br \/>Podem participar empresas p\u00fablicas e privadas, institui\u00e7\u00f5es e organiza\u00e7\u00f5es, com grupos de, no m\u00ednimo, dez pessoas. N\u00e3o h\u00e1 limite de idade.<\/p>\n<p>Os visitantes participam de apresenta\u00e7\u00e3o sobre o parque e, logo ap\u00f3s, s\u00e3o realizadas trilhas ecol\u00f3gicas interpretativas, sendo o grau de dificuldade estipulado conforme a faixa et\u00e1ria do grupo. S\u00e3o abordados temas como fauna e import\u00e2ncia da unidade de conserva\u00e7\u00e3o e seus atrativos.<\/p>\n<p>O Parque da Lajinha possui aproximadamente 86 hectares, em sua maioria com mata nativa, de preserva\u00e7\u00e3o, e outra \u00e1rea acess\u00edvel ao p\u00fablico. O local funciona de segunda a domingo, das 8h \u00e0s 17h, e conta com coreto, bonde, quiosque, viveiro de plantas, lago, cachoeiras, trilhas, jardins e atrativos naturais para o lazer ativo e contemplativo.<\/p>\n<p>Fonte: Assessoria<\/p>\n","protected":false},"excerpt":{"rendered":"<p>Um dos principais pontos tur\u00edsticos de Juiz de Fora, o Parque Natural Municipal da Lajinha est\u00e1 com agenda aberta para marca\u00e7\u00e3o das \u201cVisitas Guiadas\u201d. O projeto \u00e9 iniciativa de educa\u00e7\u00e3o ambiental, promovido pela Secretaria de Meio Ambiente (SMA) da Prefeitura de Juiz de Fora (PJF). Em 2016, o local recebeu 132 institui\u00e7\u00f5es, com 5.167 participantes, [&hellip;]<\/p>\n","protected":false},"author":96,"featured_media":81997,"comment_status":"closed","ping_status":"closed","sticky":false,"template":"","format":"standard","meta":{"footnotes":""},"categories":[253],"tags":[],"class_list":["post-81998","post","type-post","status-publish","format-standard","has-post-thumbnail","hentry","category-cidade"],"_links":{"self":[{"href":"https:\/\/diarioregionaldigital.com.br\/index.php?rest_route=\/wp\/v2\/posts\/81998","targetHints":{"allow":["GET"]}}],"collection":[{"href":"https:\/\/diarioregionaldigital.com.br\/index.php?rest_route=\/wp\/v2\/posts"}],"about":[{"href":"https:\/\/diarioregionaldigital.com.br\/index.php?rest_route=\/wp\/v2\/types\/post"}],"author":[{"embeddable":true,"href":"https:\/\/diarioregionaldigital.com.br\/index.php?rest_route=\/wp\/v2\/users\/96"}],"replies":[{"embeddable":true,"href":"https:\/\/diarioregionaldigital.com.br\/index.php?rest_route=%2Fwp%2Fv2%2Fcomments&post=81998"}],"version-history":[{"count":0,"href":"https:\/\/diarioregionaldigital.com.br\/index.php?rest_route=\/wp\/v2\/posts\/81998\/revisions"}],"wp:featuredmedia":[{"embeddable":true,"href":"https:\/\/diarioregionaldigital.com.br\/index.php?rest_route=\/wp\/v2\/media\/81997"}],"wp:attachment":[{"href":"https:\/\/diarioregionaldigital.com.br\/index.php?rest_route=%2Fwp%2Fv2%2Fmedia&parent=81998"}],"wp:term":[{"taxonomy":"category","embeddable":true,"href":"https:\/\/diarioregionaldigital.com.br\/index.php?rest_route=%2Fwp%2Fv2%2Fcategories&post=81998"},{"taxonomy":"post_tag","embeddable":true,"href":"https:\/\/diarioregionaldigital.com.br\/index.php?rest_route=%2Fwp%2Fv2%2Ftags&post=81998"}],"curies":[{"name":"wp","href":"https:\/\/api.w.org\/{rel}","templated":true}]}}