{"id":81996,"date":"2017-09-27T19:16:45","date_gmt":"2017-09-27T22:16:45","guid":{"rendered":"http:\/\/diarioregionaljf.com.br\/2017\/09\/27\/lancado-programa-que-dara-autonomia-a-familias-de-baixa-renda-no-brasil\/"},"modified":"2017-09-27T19:16:45","modified_gmt":"2017-09-27T22:16:45","slug":"lancado-programa-que-dara-autonomia-a-familias-de-baixa-renda-no-brasil","status":"publish","type":"post","link":"https:\/\/diarioregionaldigital.com.br\/?p=81996","title":{"rendered":"Lan\u00e7ado programa que dar\u00e1 autonomia a fam\u00edlias de baixa renda no Brasil"},"content":{"rendered":"<p>O governo federal lan\u00e7ou, nesta \u00faltima ter\u00e7a-feira, 26, o programa Progredir, que tem como objetivo melhorar a renda e a vida dos brasileiros inscritos no Cadastro \u00danico, principalmente os que dependem do Bolsa Fam\u00edlia. Atualmente, 28,2 milh\u00f5es de pessoas constam no Cadastro \u00danico por terem renda familiar de menos de meio sal\u00e1rio m\u00ednimo per capita.<\/p>\n<p>Destas, 13,5 milh\u00f5es recebem o Bolsa Fam\u00edlia. A meta \u00e9 dar autonomia a pelo menos um milh\u00e3o de fam\u00edlias nos pr\u00f3ximos dois anos, com medidas coordenadas de qualifica\u00e7\u00e3o profissional, emprego e cr\u00e9dito.<\/p>\n<p>Na cerim\u00f4nia de lan\u00e7amento do programa, o presidente da Rep\u00fablica Michel Temer destacou a import\u00e2ncia da \u00e1rea social para seu governo, garantiu que o Progredir n\u00e3o acabar\u00e1 com o Bolsa Fam\u00edlia, e disse esperar que as novas medidas ajudem os brasileiros a deixarem de ser dependentes dos programas de transfer\u00eancia de renda. \u201cQual \u00e9 o meu sonho: que daqui a um tempo n\u00f3s venhamos aqui para comemorar a desnecessidade de qualquer benef\u00edcio individual&#8221;, afirmou.<\/p>\n<p>O ministro do Desenvolvimento Social, Osmar Terra, anunciou o lan\u00e7amento de um portal , onde est\u00e3o todas as informa\u00e7\u00f5es do Progredir, com orienta\u00e7\u00f5es aos benefici\u00e1rios sobre como e onde acessar o novo programa. Al\u00e9m disso, lembrou que os Centros de Refer\u00eancia de Assist\u00eancia Social (Cras), que j\u00e1 atendem a esse p\u00fablico, estar\u00e3o preparados para fazer os encaminhamentos.<\/p>\n<p>Terra garante que a inclus\u00e3o no Progredir n\u00e3o ir\u00e1 excluir os benefici\u00e1rios do Bolsa Fam\u00edlia, que continuar\u00e3o recebendo o benef\u00edcio enquanto houver necessidade. Mas ele espera que a sa\u00edda do programa seja um processo natural para essas pessoas que agora ter\u00e3o uma nova oportunidade. &#8220;Estamos dando um passo al\u00e9m no combate \u00e0 pobreza. Estamos lan\u00e7ando o maior programa de inclus\u00e3o produtiva da hist\u00f3ria do Brasil&#8221;, afirmou o ministro.<\/p>\n<p><strong>Atua\u00e7\u00e3o do Minist\u00e9rio do Trabalho<\/strong><\/p>\n<p>O Minist\u00e9rio do Trabalho ter\u00e1 papel fundamental no Progredir, porque um dos principais eixos desse novo programa \u00e9 o emprego. O ministro do Trabalho, Ronaldo Nogueira, explica que poder\u00e3o ser feitos cruzamentos entre as informa\u00e7\u00f5es profissionais dos benefici\u00e1rios do Bolsa Fam\u00edlias e as vagas disponibilizadas no Sistema Nacional de Emprego (Sine). \u201cN\u00f3s vamos ajudar essas pessoas a encontrarem um emprego dentro das vagas dispon\u00edveis, porque acreditamos que muitos trabalhadores n\u00e3o est\u00e3o empregados porque n\u00e3o est\u00e3o conseguindo identificar onde est\u00e3o os empregos\u201d, explica.<\/p>\n<p>Al\u00e9m disso, ser\u00e3o firmadas parcerias com entidades de classe que representam empregadores e com grandes empresas para que elas reservem vagas a benefici\u00e1rios do Bolsa Fam\u00edlia e do Cadastro \u00danico. &#8220;O governo est\u00e1 fazendo um grande esfor\u00e7o para envolver o maior n\u00famero de pessoas nesse programa que vai ajudar a popula\u00e7\u00e3o mais pobre e beneficiar todo o Brasil\u201d, afirma.<\/p>\n<p><strong>Qualifica\u00e7\u00e3o profissional<\/strong><\/p>\n<p>Paralelamente ao emprego, o Progredir prev\u00ea investimentos em qualifica\u00e7\u00e3o profissional. Os benefici\u00e1rios do Bolsa Fam\u00edlia ser\u00e3o inclu\u00eddos no Programa Nacional de Acesso ao Ensino T\u00e9cnico e Emprego (Pronatec) , gerido pelo Minist\u00e9rio da Educa\u00e7\u00e3o, e em outros cursos profissionalizantes. Ser\u00e3o abertas um milh\u00e3o de vagas em cursos do Pronatec Oferta Volunt\u00e1ria, mais 400 mil vagas em oficinas de preparo profissional.<\/p>\n<p>Os cursos ser\u00e3o organizados conforme as necessidades do mercado em cada regi\u00e3o. Inicialmente, ser\u00e1 disponibilizado um milh\u00e3o de vagas, e as matr\u00edculas para as primeiras turmas ser\u00e3o abertas anda este ano.<\/p>\n<p><strong>Cr\u00e9dito<\/strong><\/p>\n<p>O governo federal tamb\u00e9m vai disponibilizar cr\u00e9dito para aqueles trabalhadores inscritos no Cadastro \u00danico que n\u00e3o possuem um emprego formal, mas t\u00eam qualifica\u00e7\u00e3o para gerir pequenos neg\u00f3cios. \u00c9 o caso de, por exemplo, costureiras, pedreiros, doceiras, que trabalham de maneira aut\u00f4noma. Para esse p\u00fablico, ser\u00e3o ofertados R$ 3 bilh\u00f5es por ano em microcr\u00e9dito.<\/p>\n<p>Para garantir que as pessoas tenham condi\u00e7\u00f5es de pagar os empr\u00e9stimos, foram lan\u00e7adas linhas de cr\u00e9dito com juros em torno de 1% ao m\u00eas. E ser\u00e3o oferecidas oficinas de educa\u00e7\u00e3o financeira para que as pessoas tamb\u00e9m saibam como administrar o cr\u00e9dito tomado.<\/p>\n<p><strong>Pr\u00eamio<\/strong><\/p>\n<p>O Minist\u00e9rio do Desenvolvimento Social tamb\u00e9m lan\u00e7ou nesta ter\u00e7a-feira o Pr\u00eamio Progredir. Ele ser\u00e1 concedido a prefeituras que apresentarem as melhores propostas de inclus\u00e3o produtiva para gera\u00e7\u00e3o de emprego e renda nas suas cidades. O pr\u00eamio ser\u00e1 regionalizado e cada prefeitura poder\u00e1 inscrever at\u00e9 tr\u00eas projetos no concurso.<\/p>\n<hr \/>\n<p>&nbsp;Fonte: Portal Brasil<\/p>\n","protected":false},"excerpt":{"rendered":"<p>O governo federal lan\u00e7ou, nesta \u00faltima ter\u00e7a-feira, 26, o programa Progredir, que tem como objetivo melhorar a renda e a vida dos brasileiros inscritos no Cadastro \u00danico, principalmente os que dependem do Bolsa Fam\u00edlia. Atualmente, 28,2 milh\u00f5es de pessoas constam no Cadastro \u00danico por terem renda familiar de menos de meio sal\u00e1rio m\u00ednimo per capita. [&hellip;]<\/p>\n","protected":false},"author":96,"featured_media":81995,"comment_status":"closed","ping_status":"closed","sticky":false,"template":"","format":"standard","meta":{"footnotes":""},"categories":[261],"tags":[],"class_list":["post-81996","post","type-post","status-publish","format-standard","has-post-thumbnail","hentry","category-economia"],"_links":{"self":[{"href":"https:\/\/diarioregionaldigital.com.br\/index.php?rest_route=\/wp\/v2\/posts\/81996","targetHints":{"allow":["GET"]}}],"collection":[{"href":"https:\/\/diarioregionaldigital.com.br\/index.php?rest_route=\/wp\/v2\/posts"}],"about":[{"href":"https:\/\/diarioregionaldigital.com.br\/index.php?rest_route=\/wp\/v2\/types\/post"}],"author":[{"embeddable":true,"href":"https:\/\/diarioregionaldigital.com.br\/index.php?rest_route=\/wp\/v2\/users\/96"}],"replies":[{"embeddable":true,"href":"https:\/\/diarioregionaldigital.com.br\/index.php?rest_route=%2Fwp%2Fv2%2Fcomments&post=81996"}],"version-history":[{"count":0,"href":"https:\/\/diarioregionaldigital.com.br\/index.php?rest_route=\/wp\/v2\/posts\/81996\/revisions"}],"wp:featuredmedia":[{"embeddable":true,"href":"https:\/\/diarioregionaldigital.com.br\/index.php?rest_route=\/wp\/v2\/media\/81995"}],"wp:attachment":[{"href":"https:\/\/diarioregionaldigital.com.br\/index.php?rest_route=%2Fwp%2Fv2%2Fmedia&parent=81996"}],"wp:term":[{"taxonomy":"category","embeddable":true,"href":"https:\/\/diarioregionaldigital.com.br\/index.php?rest_route=%2Fwp%2Fv2%2Fcategories&post=81996"},{"taxonomy":"post_tag","embeddable":true,"href":"https:\/\/diarioregionaldigital.com.br\/index.php?rest_route=%2Fwp%2Fv2%2Ftags&post=81996"}],"curies":[{"name":"wp","href":"https:\/\/api.w.org\/{rel}","templated":true}]}}