{"id":81778,"date":"2017-09-25T20:47:58","date_gmt":"2017-09-25T23:47:58","guid":{"rendered":"http:\/\/diarioregionaljf.com.br\/2017\/09\/25\/ii-encontro-solidario-de-veiculos-antigos-arrecada-700-quilos-de-alimentos-em-cataguases\/"},"modified":"2017-09-25T20:47:58","modified_gmt":"2017-09-25T23:47:58","slug":"ii-encontro-solidario-de-veiculos-antigos-arrecada-700-quilos-de-alimentos-em-cataguases","status":"publish","type":"post","link":"https:\/\/diarioregionaldigital.com.br\/?p=81778","title":{"rendered":"II Encontro Solid\u00e1rio de Ve\u00edculos Antigos arrecada 700 quilos de alimentos em Cataguases"},"content":{"rendered":"<p>O II Encontro Solid\u00e1rio de Ve\u00edculos Antigos de Cataguases aconteceu neste final de semana e movimentou a cidade, em especial a regi\u00e3o da Vila Tereza, onde aconteceu uma exposi\u00e7\u00e3o que reuniu mais de 100 carros de propriet\u00e1rios de Cataguases, da regi\u00e3o e at\u00e9 de outros estados vizinhos, como Rio de Janeiro e Esp\u00edrito Santo. Promovido pelo Antigomobilismo de Cataguases, em parceria com o Clube do Remo e apoio da Prefeitura, o evento transformou a Avenida Coronel Ant\u00f4nio Augusto de Souza, em frente ao clube, em galeria de arte com v\u00e1rias preciosidades automotivas preservadas.<\/p>\n<p>A exposi\u00e7\u00e3o dos ve\u00edculos aconteceu de s\u00e1bado, dia 23, at\u00e9 domingo, 24, e foi visitada por milhares de pessoas da cidade e turistas. Os donos de ve\u00edculos inscreveram-se na mostra com cinco quilos de alimentos n\u00e3o perec\u00edveis por ve\u00edculo exposto e, conforme Jamil Carneiro de Melo, secret\u00e1rio do Clube do Remo e membro do grupo Antigomobilismo, foram arrecadados cerca de 700 quilos, que ser\u00e3o doados ao Lar S\u00e3o Vicente de Paulo, Creche Ana Neri e Apae de Cataguases.<\/p>\n<p>Al\u00e9m exposi\u00e7\u00e3o, a programa\u00e7\u00e3o constou tamb\u00e9m de um baile no sal\u00e3o social do clube, ao som da banda juizforana Beatles Forever, &#8220;para manter o clima dos anos 1960&#8221;, conforme lembrou outro membro do Antigomibilistas, Paltiel Rocha. O diretor social do Clube do Remo, Guilherme Pudim, destacou ainda o movimento de turistas na cidade no per\u00edodo.<\/p>\n<p>Segundo ele, hot\u00e9is, bares, restaurantes e at\u00e9 o supermercado que fica pr\u00f3ximo ao clube tiveram um maior movimento, conforme apurou. &#8220;Muitos expositores de outras cidades deixaram para comprar o alimento para a inscri\u00e7\u00e3o de seu ve\u00edculo em Cataguases, aproveitando o supermercado pr\u00f3ximo da \u00e1rea de exposi\u00e7\u00e3o&#8221;, informou, acrescentando o saldo altamente positivo do evento, que atraiu tamb\u00e9m m\u00eddias especializadas em ve\u00edculos antigos para cidade, al\u00e9m, \u00e9 claro, dos apreciadores de carros antigos.<\/p>\n<p>Da reda\u00e7\u00e3o\/Colabora\u00e7\u00e3o Marcelo Lopes<\/p>\n","protected":false},"excerpt":{"rendered":"<p>O II Encontro Solid\u00e1rio de Ve\u00edculos Antigos de Cataguases aconteceu neste final de semana e movimentou a cidade, em especial a regi\u00e3o da Vila Tereza, onde aconteceu uma exposi\u00e7\u00e3o que reuniu mais de 100 carros de propriet\u00e1rios de Cataguases, da regi\u00e3o e at\u00e9 de outros estados vizinhos, como Rio de Janeiro e Esp\u00edrito Santo. Promovido [&hellip;]<\/p>\n","protected":false},"author":96,"featured_media":81777,"comment_status":"closed","ping_status":"closed","sticky":false,"template":"","format":"standard","meta":{"footnotes":""},"categories":[252],"tags":[],"class_list":["post-81778","post","type-post","status-publish","format-standard","has-post-thumbnail","hentry","category-regiao"],"_links":{"self":[{"href":"https:\/\/diarioregionaldigital.com.br\/index.php?rest_route=\/wp\/v2\/posts\/81778","targetHints":{"allow":["GET"]}}],"collection":[{"href":"https:\/\/diarioregionaldigital.com.br\/index.php?rest_route=\/wp\/v2\/posts"}],"about":[{"href":"https:\/\/diarioregionaldigital.com.br\/index.php?rest_route=\/wp\/v2\/types\/post"}],"author":[{"embeddable":true,"href":"https:\/\/diarioregionaldigital.com.br\/index.php?rest_route=\/wp\/v2\/users\/96"}],"replies":[{"embeddable":true,"href":"https:\/\/diarioregionaldigital.com.br\/index.php?rest_route=%2Fwp%2Fv2%2Fcomments&post=81778"}],"version-history":[{"count":0,"href":"https:\/\/diarioregionaldigital.com.br\/index.php?rest_route=\/wp\/v2\/posts\/81778\/revisions"}],"wp:featuredmedia":[{"embeddable":true,"href":"https:\/\/diarioregionaldigital.com.br\/index.php?rest_route=\/wp\/v2\/media\/81777"}],"wp:attachment":[{"href":"https:\/\/diarioregionaldigital.com.br\/index.php?rest_route=%2Fwp%2Fv2%2Fmedia&parent=81778"}],"wp:term":[{"taxonomy":"category","embeddable":true,"href":"https:\/\/diarioregionaldigital.com.br\/index.php?rest_route=%2Fwp%2Fv2%2Fcategories&post=81778"},{"taxonomy":"post_tag","embeddable":true,"href":"https:\/\/diarioregionaldigital.com.br\/index.php?rest_route=%2Fwp%2Fv2%2Ftags&post=81778"}],"curies":[{"name":"wp","href":"https:\/\/api.w.org\/{rel}","templated":true}]}}