{"id":81770,"date":"2017-09-25T20:23:56","date_gmt":"2017-09-25T23:23:56","guid":{"rendered":"http:\/\/diarioregionaljf.com.br\/2017\/09\/25\/jovem-e-baleada-no-rosto-e-filma-o-crime-em-santana-de-cataguases\/"},"modified":"2017-09-25T20:23:56","modified_gmt":"2017-09-25T23:23:56","slug":"jovem-e-baleada-no-rosto-e-filma-o-crime-em-santana-de-cataguases","status":"publish","type":"post","link":"https:\/\/diarioregionaldigital.com.br\/?p=81770","title":{"rendered":"Jovem \u00e9 baleada no rosto e filma o crime em Santana de Cataguases"},"content":{"rendered":"<p>Uma jovem de 22 anos foi ferida com dois tiros no rosto, na cidade de Santana de Cataguases, e filmou o crime. O fato se deu na tarde de s\u00e1bado, 23, e o autor, de 40 anos, foi preso em sua casa, horas depois, pela Pol\u00edcia Militar (PM). Os militares apreenderam o rev\u00f3lver calibre 32 usado na tentativa de assassinato e diversas muni\u00e7\u00f5es.<\/p>\n<p>De acordo com o Boletim de Ocorr\u00eancia da PM, v\u00edtima e autor moram no bairro Antonio Procaci, onde o crime ocorreu, e o homem teria baleado a jovem na rua durante uma discuss\u00e3o. Usando seu celular, a mulher filmava o atrito e acabou registrando o crime.<\/p>\n<p>O autor fugiu do local e a v\u00edtima foi socorrida em uma ambul\u00e2ncia, sendo levada para o Pronto Socorro Municipal de Cataguases. Conforme a pol\u00edcia, ela corre risco de morte.<\/p>\n<p>Os militares iniciaram o rastreamento e foram \u00e0 casa do suspeito, mas ele n\u00e3o se encontrava no local. De acordo com o registro da PM, a esposa do homem afirmou que antes do crime foi agredida pelo marido com socos e chutes e que ele chegou a apontar um rev\u00f3lver para ela. A mulher disse ter fugido do im\u00f3vel ap\u00f3s dar um tapa na m\u00e3o do marido e derrubar a arma.<\/p>\n<p>Ap\u00f3s verificar outros endere\u00e7os, a PM recebeu informa\u00e7\u00f5es de que o autor havia retornado para sua resid\u00eancia, foi novamente \u00e0 casa e localizou o homem. Conforme o B.O., ele estava no banheiro do im\u00f3vel e, ap\u00f3s negocia\u00e7\u00e3o com os militares, se entregou, sendo recolhida, em um quarto, a arma do crime e 32 cartuchos, entre intactos e deflagrados.<\/p>\n<p>Ainda de acordo com o registro policial, o homem afirmou que j\u00e1 tinha inten\u00e7\u00e3o de matar a v\u00edtima e alegou ter comprado a arma em Juiz de Fora, h\u00e1 cerca de quatro meses, com a finalidade de tirar a vida da jovem.<\/p>\n<p>Ele foi levado para apresenta\u00e7\u00e3o \u00e0 Pol\u00edcia Civil (PC) e est\u00e1 \u00e0 disposi\u00e7\u00e3o das autoridades.<\/p>\n<p>&nbsp;<\/p>\n<p>Da reda\u00e7\u00e3o\/Colabora\u00e7\u00e3o R\u00e1dio Muria\u00e9<\/p>\n","protected":false},"excerpt":{"rendered":"<p>Uma jovem de 22 anos foi ferida com dois tiros no rosto, na cidade de Santana de Cataguases, e filmou o crime. O fato se deu na tarde de s\u00e1bado, 23, e o autor, de 40 anos, foi preso em sua casa, horas depois, pela Pol\u00edcia Militar (PM). Os militares apreenderam o rev\u00f3lver calibre 32 [&hellip;]<\/p>\n","protected":false},"author":96,"featured_media":81769,"comment_status":"closed","ping_status":"closed","sticky":false,"template":"","format":"standard","meta":{"footnotes":""},"categories":[252],"tags":[],"class_list":["post-81770","post","type-post","status-publish","format-standard","has-post-thumbnail","hentry","category-regiao"],"_links":{"self":[{"href":"https:\/\/diarioregionaldigital.com.br\/index.php?rest_route=\/wp\/v2\/posts\/81770","targetHints":{"allow":["GET"]}}],"collection":[{"href":"https:\/\/diarioregionaldigital.com.br\/index.php?rest_route=\/wp\/v2\/posts"}],"about":[{"href":"https:\/\/diarioregionaldigital.com.br\/index.php?rest_route=\/wp\/v2\/types\/post"}],"author":[{"embeddable":true,"href":"https:\/\/diarioregionaldigital.com.br\/index.php?rest_route=\/wp\/v2\/users\/96"}],"replies":[{"embeddable":true,"href":"https:\/\/diarioregionaldigital.com.br\/index.php?rest_route=%2Fwp%2Fv2%2Fcomments&post=81770"}],"version-history":[{"count":0,"href":"https:\/\/diarioregionaldigital.com.br\/index.php?rest_route=\/wp\/v2\/posts\/81770\/revisions"}],"wp:featuredmedia":[{"embeddable":true,"href":"https:\/\/diarioregionaldigital.com.br\/index.php?rest_route=\/wp\/v2\/media\/81769"}],"wp:attachment":[{"href":"https:\/\/diarioregionaldigital.com.br\/index.php?rest_route=%2Fwp%2Fv2%2Fmedia&parent=81770"}],"wp:term":[{"taxonomy":"category","embeddable":true,"href":"https:\/\/diarioregionaldigital.com.br\/index.php?rest_route=%2Fwp%2Fv2%2Fcategories&post=81770"},{"taxonomy":"post_tag","embeddable":true,"href":"https:\/\/diarioregionaldigital.com.br\/index.php?rest_route=%2Fwp%2Fv2%2Ftags&post=81770"}],"curies":[{"name":"wp","href":"https:\/\/api.w.org\/{rel}","templated":true}]}}