{"id":81662,"date":"2017-09-22T23:42:40","date_gmt":"2017-09-23T02:42:40","guid":{"rendered":"http:\/\/diarioregionaljf.com.br\/2017\/09\/22\/vereador-aguarda-resposta-da-pjf-sobre-isencao-de-taxas-para-taxistas\/"},"modified":"2017-09-22T23:42:40","modified_gmt":"2017-09-23T02:42:40","slug":"vereador-aguarda-resposta-da-pjf-sobre-isencao-de-taxas-para-taxistas","status":"publish","type":"post","link":"https:\/\/diarioregionaldigital.com.br\/?p=81662","title":{"rendered":"Vereador aguarda resposta da PJF sobre isen\u00e7\u00e3o de taxas para taxistas"},"content":{"rendered":"<p>O vereador Charles Evangelista (PP) ainda aguarda o posicionamento da Prefeitura de Juiz de Fora (PJF) em rela\u00e7\u00e3o ao requerimento enviado por ele na segunda-feira, 18, solicitando ao Executivo a isen\u00e7\u00e3o total das taxas cobradas dos permission\u00e1rios de t\u00e1xis na cidade.<\/p>\n<p>Na ocasi\u00e3o, o parlamentar alegou que o objetivo da proposta era promover uma concorr\u00eancia mais justa entre os motoristas que prestam servi\u00e7os nos t\u00e1xis e os que trabalham por meio de aplicativos. \u201cOs taxistas me procuraram alegando que a concorr\u00eancia com o Uber \u00e9 injusta, j\u00e1 que eles n\u00e3o pagam taxas nem imposto, por isso entrei com o pedido junto \u00e0 Prefeitura. Nossa ideia, al\u00e9m da concorr\u00eancia leal, \u00e9 criar o livre com\u00e9rcio, melhorando a qualidade no servi\u00e7o prestado pelas empresas, redu\u00e7\u00e3o nos pre\u00e7os e mais op\u00e7\u00f5es para a popula\u00e7\u00e3o\u201d, explicou Evangelista.<\/p>\n<p>O presidente do Sindicato dos Taxistas e Transportadores Aut\u00f4nomos de Passageiros de Juiz de Fora (Sindit\u00e1xi), Aparecido Fagundes, avaliou de forma positiva a iniciativa proposta pelo vereador. \u201cOs custos operacionais e as exig\u00eancias solicitadas pela Prefeitura na \u00faltima licita\u00e7\u00e3o para melhorar o servi\u00e7o prestado foram muito grandes. Os motoristas tiveram que adquirir carros mais novos, investir bastante e se adaptar \u00e0s condi\u00e7\u00f5es propostas para continuarem trabalhando. Essa a\u00e7\u00e3o do vereador \u00e9 muito importante. Caso o poder p\u00fablico atenda e encontre formas de reduzir as taxas, certamente ajudar\u00e1 a classe\u201d, afirmou.<\/p>\n<h4>PJF<\/h4>\n<p>Procurada pela reportagem do Di\u00e1rio Regional, a Secretaria de Transporte e Tr\u00e2nsito (Settra) da PJF, por meio da assessoria, informou que ainda n\u00e3o teve acesso ao requerimento e que se pronunciar\u00e1 ap\u00f3s analisar o documento.<\/p>\n","protected":false},"excerpt":{"rendered":"<p>O vereador Charles Evangelista (PP) ainda aguarda o posicionamento da Prefeitura de Juiz de Fora (PJF) em rela\u00e7\u00e3o ao requerimento enviado por ele na segunda-feira, 18, solicitando ao Executivo a isen\u00e7\u00e3o total das taxas cobradas dos permission\u00e1rios de t\u00e1xis na cidade. Na ocasi\u00e3o, o parlamentar alegou que o objetivo da proposta era promover uma concorr\u00eancia [&hellip;]<\/p>\n","protected":false},"author":96,"featured_media":81661,"comment_status":"closed","ping_status":"closed","sticky":false,"template":"","format":"standard","meta":{"footnotes":""},"categories":[253],"tags":[],"class_list":["post-81662","post","type-post","status-publish","format-standard","has-post-thumbnail","hentry","category-cidade"],"_links":{"self":[{"href":"https:\/\/diarioregionaldigital.com.br\/index.php?rest_route=\/wp\/v2\/posts\/81662","targetHints":{"allow":["GET"]}}],"collection":[{"href":"https:\/\/diarioregionaldigital.com.br\/index.php?rest_route=\/wp\/v2\/posts"}],"about":[{"href":"https:\/\/diarioregionaldigital.com.br\/index.php?rest_route=\/wp\/v2\/types\/post"}],"author":[{"embeddable":true,"href":"https:\/\/diarioregionaldigital.com.br\/index.php?rest_route=\/wp\/v2\/users\/96"}],"replies":[{"embeddable":true,"href":"https:\/\/diarioregionaldigital.com.br\/index.php?rest_route=%2Fwp%2Fv2%2Fcomments&post=81662"}],"version-history":[{"count":0,"href":"https:\/\/diarioregionaldigital.com.br\/index.php?rest_route=\/wp\/v2\/posts\/81662\/revisions"}],"wp:featuredmedia":[{"embeddable":true,"href":"https:\/\/diarioregionaldigital.com.br\/index.php?rest_route=\/wp\/v2\/media\/81661"}],"wp:attachment":[{"href":"https:\/\/diarioregionaldigital.com.br\/index.php?rest_route=%2Fwp%2Fv2%2Fmedia&parent=81662"}],"wp:term":[{"taxonomy":"category","embeddable":true,"href":"https:\/\/diarioregionaldigital.com.br\/index.php?rest_route=%2Fwp%2Fv2%2Fcategories&post=81662"},{"taxonomy":"post_tag","embeddable":true,"href":"https:\/\/diarioregionaldigital.com.br\/index.php?rest_route=%2Fwp%2Fv2%2Ftags&post=81662"}],"curies":[{"name":"wp","href":"https:\/\/api.w.org\/{rel}","templated":true}]}}