{"id":81660,"date":"2017-09-22T23:36:45","date_gmt":"2017-09-23T02:36:45","guid":{"rendered":"http:\/\/diarioregionaljf.com.br\/2017\/09\/22\/quinta-corrida-solidaria-da-ascomcer-promove-a-conscientizacao-e-a-superacao\/"},"modified":"2017-09-22T23:36:45","modified_gmt":"2017-09-23T02:36:45","slug":"quinta-corrida-solidaria-da-ascomcer-promove-a-conscientizacao-e-a-superacao","status":"publish","type":"post","link":"https:\/\/diarioregionaldigital.com.br\/?p=81660","title":{"rendered":"Quinta Corrida Solid\u00e1ria da ASCOMCER promove a conscientiza\u00e7\u00e3o e a supera\u00e7\u00e3o"},"content":{"rendered":"<p>Conscientizar e tornar o esporte em vitrine para a supera\u00e7\u00e3o. A 5\u00aa Corrida Solid\u00e1ria da Associa\u00e7\u00e3o Feminina de Preven\u00e7\u00e3o e Combate ao C\u00e2ncer de Juiz de Fora (ASCOMCER), prevista para o dia 22 de outubro, vem de encontro a essas duas propostas. A iniciativa faz alus\u00e3o ao \u201cOutubro Rosa\u201d, movimento mundial pela luta contra o c\u00e2ncer de mama, e tamb\u00e9m alia a pr\u00e1tica de esportes com a solidariedade.<\/p>\n<p>\u201cO principal objetivo \u00e9 homenagear o \u2018Outubro Rosa\u2019. A ASCOMCER tem realizado a\u00e7\u00f5es voltadas para a causa, com palestras realizadas no pr\u00f3prio hospital para os pacientes, passeatas e a distribui\u00e7\u00e3o de materiais informativos. Entretanto, a corrida \u00e9 o nosso maior destaque, pois al\u00e9m de honrar o movimento, a gente arrecada recursos extras, que ser\u00e3o revertidos em melhorias, tanto em tratamento, medica\u00e7\u00e3o e humaniza\u00e7\u00e3o para os nossos pacientes, atrav\u00e9s das inscri\u00e7\u00f5es\u201d, explica a assessora de comunica\u00e7\u00e3o da entidade, Sara Tellado.<\/p>\n<p>A prova integra a 31\u00aa etapa do Ranking de Corridas de Rua da cidade. A largada est\u00e1 marcada para as 8h, no campus da Universidade Federal de Juiz de Fora (UFJF), com percurso de 6,5 km para corrida e a caminhada com 2,3 km. \u201cDesde a primeira corrida, em m\u00e9dia, cerca de 1.500 pessoas participaram em cada edi\u00e7\u00e3o. Neste ano, acreditamos que esse n\u00famero chegar\u00e1 a 2.000. O mais importante \u00e9 chamar a aten\u00e7\u00e3o das pessoas para a pr\u00e1tica de exerc\u00edcios f\u00edsicos e para a preven\u00e7\u00e3o do c\u00e2ncer\u201d, refor\u00e7a Sara.<\/p>\n<h4>HIST\u00d3RIA DE SUPERA\u00c7\u00c3O<\/h4>\n<p>Paciente e volunt\u00e1ria da ASCOMCER h\u00e1 nove anos, a aposentada Elo\u00edsa Helena Menezes, conhecida como \u201cEl\u00f4\u201d pelos colegas da entidade, participa da corrida desde a primeira edi\u00e7\u00e3o. Para ela, o evento tem um significado diferente. \u201cFiz todo o meu tratamento de c\u00e2ncer de mama no hospital e venci. Hoje, fa\u00e7o parte do voluntariado e tenho prazer enorme em compor essa equipe. A corrida \u00e9 especial para mim. A cada medalha que a gente ganha, cada linha de chegada que eu ultrapasso e quil\u00f4metros que eu percorro \u00e9 uma vit\u00f3ria e isso me motiva a buscar coisas novas todos os dias\u201d, destaca.<\/p>\n<p>Al\u00e9m da luta contra o c\u00e2ncer, El\u00f4 tamb\u00e9m teve que lidar com outro problema. Um tombo sofrido quando ela tinha 13 anos dificultou a realiza\u00e7\u00e3o de seus sonhos. Na \u00e9poca ela rompeu os ligamentos do menisco e teve os movimentos do joelho comprometidos. A aposentada precisou passar por tr\u00eas cirurgias antes de colocar uma pr\u00f3tese. Ela define a corrida como um momento de lazer e de superar todos os obst\u00e1culos. \u201cAs pessoas acreditam que, depois do c\u00e2ncer, das dificuldades, n\u00e3o podem fazer nada, mas n\u00e3o \u00e9 verdade. Uma das coisas que descobri foi essa oportunidade, de competir e vencer as barreiras. Esta \u00e9 a minha forma de mostrar para as outras pessoas que elas tamb\u00e9m podem se redescobrir, mesmo tendo limita\u00e7\u00f5es f\u00edsicas\u201d, ressalta. \u201cEsse evento me proporcionou fazer amizades e compartilhar experi\u00eancias com outras pessoas, que tamb\u00e9m j\u00e1 passaram pela situa\u00e7\u00e3o que eu passei. Por isso, gostaria que mais pessoas vivenciassem esse momento\u201d, frisa.<\/p>\n<h4>COMO PARTICIPAR<\/h4>\n<p>As inscri\u00e7\u00f5es ficar\u00e3o abertas at\u00e9 o dia 14 de outubro e podem ser realizadas na pr\u00f3pria ASCOMCER, na Avenida Presidente Itamar Franco, n\u00ba3500, Cascatinha, zona Sul; na loja Planeta Corrida, na Rua Halfeld, n\u00ba804, Centro; e no Centro de Sa\u00fade Corpore, na Rua S\u00e3o Mateus, n\u00ba150, S\u00e3o Mateus. O valor da taxa para as primeiras 500 pessoas \u00e9 de R$50. Logo ap\u00f3s, o valor passa para R$60 at\u00e9 o prazo final, com direito a camisa personalizada.<\/p>\n<p>As inscri\u00e7\u00f5es tamb\u00e9m podem ser realizadas na internet atrav\u00e9s do site www.runnerbrasil.com.br, sendo acrescido o valor de R$3,50 na taxa de inscri\u00e7\u00e3o. Neste ano existe tamb\u00e9m o limite de 200 inscri\u00e7\u00f5es promocionais sem kit, onde o inscrito concorre ao Ranking, mas sem direito \u00e0 medalha e camisa do evento. As inscri\u00e7\u00f5es promocionais, no entanto, s\u00f3 podem ser realizadas pessoalmente na ASCOMCER ou no site.<\/p>\n","protected":false},"excerpt":{"rendered":"<p>Conscientizar e tornar o esporte em vitrine para a supera\u00e7\u00e3o. A 5\u00aa Corrida Solid\u00e1ria da Associa\u00e7\u00e3o Feminina de Preven\u00e7\u00e3o e Combate ao C\u00e2ncer de Juiz de Fora (ASCOMCER), prevista para o dia 22 de outubro, vem de encontro a essas duas propostas. A iniciativa faz alus\u00e3o ao \u201cOutubro Rosa\u201d, movimento mundial pela luta contra o [&hellip;]<\/p>\n","protected":false},"author":96,"featured_media":81659,"comment_status":"closed","ping_status":"closed","sticky":false,"template":"","format":"standard","meta":{"footnotes":""},"categories":[253],"tags":[],"class_list":["post-81660","post","type-post","status-publish","format-standard","has-post-thumbnail","hentry","category-cidade"],"_links":{"self":[{"href":"https:\/\/diarioregionaldigital.com.br\/index.php?rest_route=\/wp\/v2\/posts\/81660","targetHints":{"allow":["GET"]}}],"collection":[{"href":"https:\/\/diarioregionaldigital.com.br\/index.php?rest_route=\/wp\/v2\/posts"}],"about":[{"href":"https:\/\/diarioregionaldigital.com.br\/index.php?rest_route=\/wp\/v2\/types\/post"}],"author":[{"embeddable":true,"href":"https:\/\/diarioregionaldigital.com.br\/index.php?rest_route=\/wp\/v2\/users\/96"}],"replies":[{"embeddable":true,"href":"https:\/\/diarioregionaldigital.com.br\/index.php?rest_route=%2Fwp%2Fv2%2Fcomments&post=81660"}],"version-history":[{"count":0,"href":"https:\/\/diarioregionaldigital.com.br\/index.php?rest_route=\/wp\/v2\/posts\/81660\/revisions"}],"wp:featuredmedia":[{"embeddable":true,"href":"https:\/\/diarioregionaldigital.com.br\/index.php?rest_route=\/wp\/v2\/media\/81659"}],"wp:attachment":[{"href":"https:\/\/diarioregionaldigital.com.br\/index.php?rest_route=%2Fwp%2Fv2%2Fmedia&parent=81660"}],"wp:term":[{"taxonomy":"category","embeddable":true,"href":"https:\/\/diarioregionaldigital.com.br\/index.php?rest_route=%2Fwp%2Fv2%2Fcategories&post=81660"},{"taxonomy":"post_tag","embeddable":true,"href":"https:\/\/diarioregionaldigital.com.br\/index.php?rest_route=%2Fwp%2Fv2%2Ftags&post=81660"}],"curies":[{"name":"wp","href":"https:\/\/api.w.org\/{rel}","templated":true}]}}