{"id":81658,"date":"2017-09-22T23:35:13","date_gmt":"2017-09-23T02:35:13","guid":{"rendered":"http:\/\/diarioregionaljf.com.br\/2017\/09\/22\/jovens-e-adolescentes-se-reunem-em-ato-contra-terapia-de-reorientacao-sexual\/"},"modified":"2017-09-22T23:35:13","modified_gmt":"2017-09-23T02:35:13","slug":"jovens-e-adolescentes-se-reunem-em-ato-contra-terapia-de-reorientacao-sexual","status":"publish","type":"post","link":"https:\/\/diarioregionaldigital.com.br\/?p=81658","title":{"rendered":"Jovens e adolescentes se re\u00fanem em ato contra terapia de reorienta\u00e7\u00e3o sexual"},"content":{"rendered":"<p>Ap\u00f3s um juiz federal do Distrito Federal autorizar, na segunda-feira, 18, em car\u00e1ter liminar, que psic\u00f3logos possam atender eventuais pacientes que busquem terapia para reorienta\u00e7\u00e3o sexual, jovens e adolescentes come\u00e7aram a se mobilizar em Juiz de Fora para se reunir em um ato contra a decis\u00e3o. \u201cNa ter\u00e7a-feira, j\u00e1 tinham dois grupos no WhatsApp [aplicativo de mensagens para smartphone] se organizando para realizar um ato na cidade. Destes grupos, dez pessoas sa\u00edram e assumiram a organiza\u00e7\u00e3o da manifesta\u00e7\u00e3o\u201d, disse um dos organizadores, Felipe Borges Modesto. \u201cFizemos um evento no Facebook que tinha mais de mil confirma\u00e7\u00f5es no ato\u201d, acrescentou.<\/p>\n<p>Os manifestantes se reuniram na tarde dessa sexta-feira, 22, em frente \u00e0 C\u00e2mara Municipal, no Parque Halfeld. O ato foi marcado com a presen\u00e7a de muitos adolescentes e jovens. \u201cDesde jovem, precisamos ter posicionamento pol\u00edtico definido para escolher nossos representantes, lutar pelos nossos direitos e n\u00e3o deixar ningu\u00e9m passar por cima da gente\u201d, afirmou Modesto, ao ressaltar que os organizadores possuem idade entre 16 e 19 anos.<br \/>\u201cQueremos continuar com esse movimento e que ele possa aumentar tamb\u00e9m. Ap\u00f3s este ato, que tamb\u00e9m foi realizado em outras cidades, que esta liminar seja revogada\u201d, ponderou o manifestante.<\/p>\n<p>Para a militante trans Bruna Leonardo, a presen\u00e7a de pessoas mais jovens no ato demonstra o grande passo para um futuro promissor. \u201cEu fico muito feliz em v\u00ea-los aqui. Quando eu sofria bullying na escola, na d\u00e9cada de 90, ficava muito triste e eu n\u00e3o entendia o porqu\u00ea\u201d, ponderou Bruna. \u201cMostra que a juventude est\u00e1 entendendo que identidade de g\u00eanero e orienta\u00e7\u00e3o sexual n\u00e3o \u00e9 nada anormal e, por isso, est\u00e3o tendo coragem de se assumir ou apoiar. Jovens livres de preconceito s\u00e3o um dos maiores presentes, pois s\u00e3o o futuro da na\u00e7\u00e3o\u201d, completou a militante.<\/p>\n<p>Bruna ainda afirmou que a decis\u00e3o \u00e9 d\u00fabia ao dizer que as pessoas t\u00eam o direito de deixar de ser homossexual, por exemplo. \u201cSe ela quer ser \u2018curada\u2019 \u00e9 porque ela sofre preconceito, e, na verdade, ele que deveria ser \u2018curado\u2019\u201d, ressaltou.<\/p>\n<p>Cl\u00e1udia Jacobsen, representante do coletivo \u201cM\u00e3es pela Diversidade\u201d, afirmou que a liminar \u00e9 um retrocesso. \u201cEssa decis\u00e3o traz de volta um debate que j\u00e1 tinha sido conclu\u00eddo e o preconceito. A comunidade LGBT+ n\u00e3o precisa ser tratada. Ela precisa \u00e9 de respeito\u201d, ressaltou a militante, ao relembrar as decis\u00f5es da Organiza\u00e7\u00e3o Mundial da Sa\u00fade (OMS) e do Conselho Federal de Psicologia (CFP).<\/p>\n<p>Desde 1990, a OMS n\u00e3o entende as quest\u00f5es de orienta\u00e7\u00e3o sexual como doen\u00e7as. Nove anos depois, o CFP proibiu os psic\u00f3logos de exercerem qualquer a\u00e7\u00e3o que favore\u00e7a a patologiza\u00e7\u00e3o de comportamentos ou pr\u00e1ticas homoer\u00f3ticas, bem como de colaborarem com eventos ou servi\u00e7os que proponham o tratamento e a cura da homossexualidade.<\/p>\n<p>\u201cEste n\u00e3o \u00e9 o caminho. As pessoas n\u00e3o devem ser rotuladas. Somos seres humanos com sonhos, vontades e medo. Dever\u00edamos ser tratados como iguais\u201d, frisou Cl\u00e1udia.<\/p>\n","protected":false},"excerpt":{"rendered":"<p>Ap\u00f3s um juiz federal do Distrito Federal autorizar, na segunda-feira, 18, em car\u00e1ter liminar, que psic\u00f3logos possam atender eventuais pacientes que busquem terapia para reorienta\u00e7\u00e3o sexual, jovens e adolescentes come\u00e7aram a se mobilizar em Juiz de Fora para se reunir em um ato contra a decis\u00e3o. \u201cNa ter\u00e7a-feira, j\u00e1 tinham dois grupos no WhatsApp [aplicativo [&hellip;]<\/p>\n","protected":false},"author":96,"featured_media":81657,"comment_status":"closed","ping_status":"closed","sticky":false,"template":"","format":"standard","meta":{"footnotes":""},"categories":[253],"tags":[],"class_list":["post-81658","post","type-post","status-publish","format-standard","has-post-thumbnail","hentry","category-cidade"],"_links":{"self":[{"href":"https:\/\/diarioregionaldigital.com.br\/index.php?rest_route=\/wp\/v2\/posts\/81658","targetHints":{"allow":["GET"]}}],"collection":[{"href":"https:\/\/diarioregionaldigital.com.br\/index.php?rest_route=\/wp\/v2\/posts"}],"about":[{"href":"https:\/\/diarioregionaldigital.com.br\/index.php?rest_route=\/wp\/v2\/types\/post"}],"author":[{"embeddable":true,"href":"https:\/\/diarioregionaldigital.com.br\/index.php?rest_route=\/wp\/v2\/users\/96"}],"replies":[{"embeddable":true,"href":"https:\/\/diarioregionaldigital.com.br\/index.php?rest_route=%2Fwp%2Fv2%2Fcomments&post=81658"}],"version-history":[{"count":0,"href":"https:\/\/diarioregionaldigital.com.br\/index.php?rest_route=\/wp\/v2\/posts\/81658\/revisions"}],"wp:featuredmedia":[{"embeddable":true,"href":"https:\/\/diarioregionaldigital.com.br\/index.php?rest_route=\/wp\/v2\/media\/81657"}],"wp:attachment":[{"href":"https:\/\/diarioregionaldigital.com.br\/index.php?rest_route=%2Fwp%2Fv2%2Fmedia&parent=81658"}],"wp:term":[{"taxonomy":"category","embeddable":true,"href":"https:\/\/diarioregionaldigital.com.br\/index.php?rest_route=%2Fwp%2Fv2%2Fcategories&post=81658"},{"taxonomy":"post_tag","embeddable":true,"href":"https:\/\/diarioregionaldigital.com.br\/index.php?rest_route=%2Fwp%2Fv2%2Ftags&post=81658"}],"curies":[{"name":"wp","href":"https:\/\/api.w.org\/{rel}","templated":true}]}}