{"id":81656,"date":"2017-09-22T22:56:03","date_gmt":"2017-09-23T01:56:03","guid":{"rendered":"http:\/\/diarioregionaljf.com.br\/2017\/09\/22\/mulher-morre-em-acidente-entre-ewbank-da-camara-e-santos-dumont\/"},"modified":"2017-09-22T22:56:03","modified_gmt":"2017-09-23T01:56:03","slug":"mulher-morre-em-acidente-entre-ewbank-da-camara-e-santos-dumont","status":"publish","type":"post","link":"https:\/\/diarioregionaldigital.com.br\/?p=81656","title":{"rendered":"Mulher morre em acidente entre Ewbank da C\u00e2mara e Santos Dumont"},"content":{"rendered":"<p>Um acidente no trecho da BR040 entre Ewbank da C\u00e2mara e Santos Dumont, acabou tirando a vida de uma mulher de 63 anos e deixou um idoso de 76 anos ferido.<\/p>\n<p>Segundo as informa\u00e7\u00f5es iniciais da Pol\u00edcia Rodovi\u00e1ria Federal (PRF), o carro saiu da pista e capotou. A mulher n\u00e3o resistiu aos ferimentos e morreu na hora.<\/p>\n<p>O homem foi levado para um hospital em Santos Dumont e ainda n\u00e3o h\u00e1 informa\u00e7\u00f5es oficiais sobre o estado de sa\u00fade dele.&nbsp;A per\u00edcia compareceu ao local, mas n\u00e3o divulgou as causas oficiais do acidente. N\u00e3o houve interrup\u00e7\u00e3o do tr\u00e2nsito na rodovia.<\/p>\n<hr \/>\n<p>&nbsp;Fonte: Da reda\u00e7\u00e3o\/ Colabora\u00e7\u00e3o News<\/p>\n","protected":false},"excerpt":{"rendered":"<p>Um acidente no trecho da BR040 entre Ewbank da C\u00e2mara e Santos Dumont, acabou tirando a vida de uma mulher de 63 anos e deixou um idoso de 76 anos ferido. Segundo as informa\u00e7\u00f5es iniciais da Pol\u00edcia Rodovi\u00e1ria Federal (PRF), o carro saiu da pista e capotou. A mulher n\u00e3o resistiu aos ferimentos e morreu [&hellip;]<\/p>\n","protected":false},"author":96,"featured_media":81655,"comment_status":"closed","ping_status":"closed","sticky":false,"template":"","format":"standard","meta":{"footnotes":""},"categories":[252],"tags":[],"class_list":["post-81656","post","type-post","status-publish","format-standard","has-post-thumbnail","hentry","category-regiao"],"_links":{"self":[{"href":"https:\/\/diarioregionaldigital.com.br\/index.php?rest_route=\/wp\/v2\/posts\/81656","targetHints":{"allow":["GET"]}}],"collection":[{"href":"https:\/\/diarioregionaldigital.com.br\/index.php?rest_route=\/wp\/v2\/posts"}],"about":[{"href":"https:\/\/diarioregionaldigital.com.br\/index.php?rest_route=\/wp\/v2\/types\/post"}],"author":[{"embeddable":true,"href":"https:\/\/diarioregionaldigital.com.br\/index.php?rest_route=\/wp\/v2\/users\/96"}],"replies":[{"embeddable":true,"href":"https:\/\/diarioregionaldigital.com.br\/index.php?rest_route=%2Fwp%2Fv2%2Fcomments&post=81656"}],"version-history":[{"count":0,"href":"https:\/\/diarioregionaldigital.com.br\/index.php?rest_route=\/wp\/v2\/posts\/81656\/revisions"}],"wp:featuredmedia":[{"embeddable":true,"href":"https:\/\/diarioregionaldigital.com.br\/index.php?rest_route=\/wp\/v2\/media\/81655"}],"wp:attachment":[{"href":"https:\/\/diarioregionaldigital.com.br\/index.php?rest_route=%2Fwp%2Fv2%2Fmedia&parent=81656"}],"wp:term":[{"taxonomy":"category","embeddable":true,"href":"https:\/\/diarioregionaldigital.com.br\/index.php?rest_route=%2Fwp%2Fv2%2Fcategories&post=81656"},{"taxonomy":"post_tag","embeddable":true,"href":"https:\/\/diarioregionaldigital.com.br\/index.php?rest_route=%2Fwp%2Fv2%2Ftags&post=81656"}],"curies":[{"name":"wp","href":"https:\/\/api.w.org\/{rel}","templated":true}]}}