{"id":81408,"date":"2017-09-20T20:30:45","date_gmt":"2017-09-20T23:30:45","guid":{"rendered":"http:\/\/diarioregionaljf.com.br\/2017\/09\/20\/pc-realiza-primeira-etapa-da-forca-tarefa-proteja\/"},"modified":"2017-09-20T20:30:45","modified_gmt":"2017-09-20T23:30:45","slug":"pc-realiza-primeira-etapa-da-forca-tarefa-proteja","status":"publish","type":"post","link":"https:\/\/diarioregionaldigital.com.br\/?p=81408","title":{"rendered":"PC realiza primeira etapa da for\u00e7a-tarefa \u201cProteJ\u00c1\u201d"},"content":{"rendered":"<p>Na manh\u00e3 desta quinta-feira, 21, a Pol\u00edcia Civil de Minas Gerais (PCMG) iniciou, em Juiz de Fora, a primeira etapa dos trabalhos da for\u00e7a-tarefa \u201cProteJ\u00c1\u201d, organizada pela 1\u00aa Delegacia Regional de Juiz de Fora (1\u00aa DRPC), com a finalidade de atuar no combate \u00e0 criminalidade junto aos condom\u00ednios residenciais do Minha Casa, Minha Vida.<\/p>\n<p>Participaram dessa fase policiais civis da 1\u00aa DRPC, acompanhados da Delegada Regional de Juiz de Fora, Dra. Patr\u00edcia Ribeiro de Souza Oliveira, e da Delegada que vai coordenar os trabalhos, Dra. Sheila Oliveira. O grupo criado tem a finalidade de atuar diretamente nas unidades habitacionais para minimizar a viol\u00eancia nessas \u00e1reas.<\/p>\n<p>Segundo a Delegada Sheila Oliveira, os policiais civis realizar\u00e3o a panfletagem nos 15 residenciais do programa Minha Casa, Minha Vida, faixa 1. O objetivo dessa iniciativa \u00e9 mostrar aos moradores a import\u00e2ncia da den\u00fancia an\u00f4nima de crimes, para que estes sejam investigados e os respons\u00e1veis punidos.<\/p>\n<p>Durante entrevista no primeiro condom\u00ednio visitado, o Residencial Miguel Marinho, na Zona Norte, a delegada destacou a import\u00e2ncia desse trabalho. \u201cVamos atuar nas duas frentes: nesse trabalho de preven\u00e7\u00e3o e, depois, valendo-se da den\u00fancia, da colabora\u00e7\u00e3o das pessoas, vamos atuar na repress\u00e3o\u201d, ressaltou, complementando que essa presen\u00e7a da Pol\u00edcia Civil nas comunidades vai se estender, em curto prazo, para todos os demais condom\u00ednios da cidade.<\/p>\n<p>Conforme divulgado anteriormente, durante coletiva de imprensa realizada no in\u00edcio desta semana, a Pol\u00edcia Civil est\u00e1 recebendo den\u00fancias an\u00f4nimas por meio do telefone 197. Ap\u00f3s a coleta das informa\u00e7\u00f5es, inqu\u00e9ritos poder\u00e3o ser instaurados a fim de identificar e prender autores de crimes &#8211; bem como foragidos da justi\u00e7a &#8211; e apreender menores infratores e\/ou materiais.<\/p>\n<p>Fonte: Assessoria<\/p>\n","protected":false},"excerpt":{"rendered":"<p>Na manh\u00e3 desta quinta-feira, 21, a Pol\u00edcia Civil de Minas Gerais (PCMG) iniciou, em Juiz de Fora, a primeira etapa dos trabalhos da for\u00e7a-tarefa \u201cProteJ\u00c1\u201d, organizada pela 1\u00aa Delegacia Regional de Juiz de Fora (1\u00aa DRPC), com a finalidade de atuar no combate \u00e0 criminalidade junto aos condom\u00ednios residenciais do Minha Casa, Minha Vida. Participaram [&hellip;]<\/p>\n","protected":false},"author":96,"featured_media":81407,"comment_status":"closed","ping_status":"closed","sticky":false,"template":"","format":"standard","meta":{"footnotes":""},"categories":[253],"tags":[],"class_list":["post-81408","post","type-post","status-publish","format-standard","has-post-thumbnail","hentry","category-cidade"],"_links":{"self":[{"href":"https:\/\/diarioregionaldigital.com.br\/index.php?rest_route=\/wp\/v2\/posts\/81408","targetHints":{"allow":["GET"]}}],"collection":[{"href":"https:\/\/diarioregionaldigital.com.br\/index.php?rest_route=\/wp\/v2\/posts"}],"about":[{"href":"https:\/\/diarioregionaldigital.com.br\/index.php?rest_route=\/wp\/v2\/types\/post"}],"author":[{"embeddable":true,"href":"https:\/\/diarioregionaldigital.com.br\/index.php?rest_route=\/wp\/v2\/users\/96"}],"replies":[{"embeddable":true,"href":"https:\/\/diarioregionaldigital.com.br\/index.php?rest_route=%2Fwp%2Fv2%2Fcomments&post=81408"}],"version-history":[{"count":0,"href":"https:\/\/diarioregionaldigital.com.br\/index.php?rest_route=\/wp\/v2\/posts\/81408\/revisions"}],"wp:featuredmedia":[{"embeddable":true,"href":"https:\/\/diarioregionaldigital.com.br\/index.php?rest_route=\/wp\/v2\/media\/81407"}],"wp:attachment":[{"href":"https:\/\/diarioregionaldigital.com.br\/index.php?rest_route=%2Fwp%2Fv2%2Fmedia&parent=81408"}],"wp:term":[{"taxonomy":"category","embeddable":true,"href":"https:\/\/diarioregionaldigital.com.br\/index.php?rest_route=%2Fwp%2Fv2%2Fcategories&post=81408"},{"taxonomy":"post_tag","embeddable":true,"href":"https:\/\/diarioregionaldigital.com.br\/index.php?rest_route=%2Fwp%2Fv2%2Ftags&post=81408"}],"curies":[{"name":"wp","href":"https:\/\/api.w.org\/{rel}","templated":true}]}}