{"id":81316,"date":"2017-09-19T19:59:51","date_gmt":"2017-09-19T22:59:51","guid":{"rendered":"http:\/\/diarioregionaljf.com.br\/2017\/09\/19\/ladroes-roubam-loja-de-conveniencia-e-dao-tiro-para-o-alto-durante-a-fuga\/"},"modified":"2017-09-19T19:59:51","modified_gmt":"2017-09-19T22:59:51","slug":"ladroes-roubam-loja-de-conveniencia-e-dao-tiro-para-o-alto-durante-a-fuga","status":"publish","type":"post","link":"https:\/\/diarioregionaldigital.com.br\/?p=81316","title":{"rendered":"Ladr\u00f5es roubam loja de conveni\u00eancia e d\u00e3o tiro para o alto durante a fuga"},"content":{"rendered":"<p>Uma loja de conveni\u00eancia foi assaltada por um homem armado e encapuzado na tarde dessa segunda-feira, 18, na Rua Jos\u00e9 Louren\u00e7o, bairro S\u00e3o Pedro, zona Oeste. Segundo informa\u00e7\u00f5es da Pol\u00edcia Militar (PM), uma funcion\u00e1ria do estabelecimento relatou que foi rendida pelo suspeito, que exigiu que ela entregasse o dinheiro do caixa.<\/p>\n<p>A mulher acatou a ordem e entregou o dinheiro, cuja quantia n\u00e3o foi informada pela PM. O autor e um comparsa fugiram em uma moto e efetuaram um disparo para o alto, vindo a atingir o forro de pvc do teto do posto de combust\u00edvel.<\/p>\n<p>Foi feito rastreamento, mas os suspeitos n\u00e3o foram encontrados. No local, foram recolhidas duas c\u00e1psulas calibre .380 intactas e uma do mesmo calibre deflagrada. Imagens das c\u00e2meras de vigil\u00e2ncia ser\u00e3o usadas para identifica\u00e7\u00e3o dos autores.<\/p>\n<h4>AGRESS\u00c3O A IDOSO<\/h4>\n<p>Na Rua Jos\u00e9 Leite de Oliveira, bairro Jardim Cachoeira, zona Norte, um senhor de 70 anos foi agredido por um assaltante durante roubo a seu estabelecimento comercial, na manh\u00e3 dessa segunda-feira, 18. De acordo com o boletim de ocorr\u00eancia, o idoso foi abordado por tr\u00eas homens e, sob a mira de uma arma de fogo, foi levado por um deles para o interior do im\u00f3vel, onde foi agredido. Ele sofreu les\u00f5es no pesco\u00e7o e escoria\u00e7\u00f5es na perna e no bra\u00e7o.<\/p>\n<p>Os autores levaram cerca de R$80 e, durante a fuga, um deles roubou uma bicicleta que estava parada pr\u00f3xima ao com\u00e9rcio. Os policiais efetuaram rastreamento, mas os suspeitos n\u00e3o foram localizados.<\/p>\n","protected":false},"excerpt":{"rendered":"<p>Uma loja de conveni\u00eancia foi assaltada por um homem armado e encapuzado na tarde dessa segunda-feira, 18, na Rua Jos\u00e9 Louren\u00e7o, bairro S\u00e3o Pedro, zona Oeste. Segundo informa\u00e7\u00f5es da Pol\u00edcia Militar (PM), uma funcion\u00e1ria do estabelecimento relatou que foi rendida pelo suspeito, que exigiu que ela entregasse o dinheiro do caixa. A mulher acatou a [&hellip;]<\/p>\n","protected":false},"author":96,"featured_media":81315,"comment_status":"closed","ping_status":"closed","sticky":false,"template":"","format":"standard","meta":{"footnotes":""},"categories":[301],"tags":[],"class_list":["post-81316","post","type-post","status-publish","format-standard","has-post-thumbnail","hentry","category-artigos-policiais"],"_links":{"self":[{"href":"https:\/\/diarioregionaldigital.com.br\/index.php?rest_route=\/wp\/v2\/posts\/81316","targetHints":{"allow":["GET"]}}],"collection":[{"href":"https:\/\/diarioregionaldigital.com.br\/index.php?rest_route=\/wp\/v2\/posts"}],"about":[{"href":"https:\/\/diarioregionaldigital.com.br\/index.php?rest_route=\/wp\/v2\/types\/post"}],"author":[{"embeddable":true,"href":"https:\/\/diarioregionaldigital.com.br\/index.php?rest_route=\/wp\/v2\/users\/96"}],"replies":[{"embeddable":true,"href":"https:\/\/diarioregionaldigital.com.br\/index.php?rest_route=%2Fwp%2Fv2%2Fcomments&post=81316"}],"version-history":[{"count":0,"href":"https:\/\/diarioregionaldigital.com.br\/index.php?rest_route=\/wp\/v2\/posts\/81316\/revisions"}],"wp:featuredmedia":[{"embeddable":true,"href":"https:\/\/diarioregionaldigital.com.br\/index.php?rest_route=\/wp\/v2\/media\/81315"}],"wp:attachment":[{"href":"https:\/\/diarioregionaldigital.com.br\/index.php?rest_route=%2Fwp%2Fv2%2Fmedia&parent=81316"}],"wp:term":[{"taxonomy":"category","embeddable":true,"href":"https:\/\/diarioregionaldigital.com.br\/index.php?rest_route=%2Fwp%2Fv2%2Fcategories&post=81316"},{"taxonomy":"post_tag","embeddable":true,"href":"https:\/\/diarioregionaldigital.com.br\/index.php?rest_route=%2Fwp%2Fv2%2Ftags&post=81316"}],"curies":[{"name":"wp","href":"https:\/\/api.w.org\/{rel}","templated":true}]}}