{"id":81312,"date":"2017-09-19T19:47:30","date_gmt":"2017-09-19T22:47:30","guid":{"rendered":"http:\/\/diarioregionaljf.com.br\/2017\/09\/19\/inss-vai-reconhecer-automaticamente-direito-a-aposentadoria-por-idade\/"},"modified":"2017-09-19T19:47:30","modified_gmt":"2017-09-19T22:47:30","slug":"inss-vai-reconhecer-automaticamente-direito-a-aposentadoria-por-idade","status":"publish","type":"post","link":"https:\/\/diarioregionaldigital.com.br\/?p=81312","title":{"rendered":"INSS vai reconhecer automaticamente direito \u00e0 aposentadoria por idade"},"content":{"rendered":"<p>Foi publicado no Di\u00e1rio Oficial da Uni\u00e3o que os trabalhadores que contribuem para a Previd\u00eancia Social v\u00e3o se aposentar por idade sem precisar enfrentar fila nos postos do INSS. A partir dessa decis\u00e3o, entrou em vigor a medida do reconhecimento autom\u00e1tico para ter direito ao benef\u00edcio da aposentadoria por idade.<\/p>\n<p>Os contribuintes ser\u00e3o avisados pelo INSS atrav\u00e9s de carta e poder\u00e3o realizar o requerimento atrav\u00e9s de liga\u00e7\u00e3o para a Central de Atendimento 135.<\/p>\n<p>Ficou estabelecido pelo INSS que o benef\u00edcio pode ser confirmado durante o atendimento, ou ap\u00f3s confirma\u00e7\u00e3o de dados e cadastro. A verifica\u00e7\u00e3o ser\u00e1 feita a partir de informa\u00e7\u00f5es que constam nos sistemas no INSS e nas bases de dados do governo.<\/p>\n<p>A data da liga\u00e7\u00e3o realizada para a Central de Atendimento 135, oficialmente ser\u00e1 registrada como a data de entrada do requerimento, ap\u00f3s o processo do pedido, o trabalhador receber\u00e1 do INSS outro comunicado com os dados da concess\u00e3o e pagamento do benef\u00edcio.<\/p>\n<p>A aposentadoria por idade \u00e9 concedida ao trabalhador que tem no m\u00ednimo 180 meses de trabalho e idade m\u00ednima de 65 anos no caso de homens, e para as mulheres, 60 anos. Existe redu\u00e7\u00e3o de cinco anos para os segurados especiais, como por exemplo, ind\u00edgenas, agricultores e pescadores. Por enquanto, a aposentadoria urbana por idade ser\u00e1 a \u00fanica que ter\u00e1 reconhecimento autom\u00e1tico.<\/p>\n<p>At\u00e9 ent\u00e3o, o reconhecimento para aposentadoria por idade n\u00e3o era autom\u00e1tico e para ter acesso ao mesmo, o segurado precisava agendar o pedido pela Central 135 e comparecer a uma ag\u00eancia do INSS para dar entrada no requerimento e formalizar o processo. A mudan\u00e7a de procedimento prev\u00ea que as filas nos pontos f\u00edsicos diminuam consideravelmente.<\/p>\n<p>Os advogados especialistas em direito previdenci\u00e1rio orientam que para esta nova medida \u00e9 importante que o segurado atualize todos seus dados e informa\u00e7\u00f5es, como endere\u00e7o e telefone, no cadastro da Previd\u00eancia Social para que seja poss\u00edvel o contato.<\/p>\n<p>Os especialistas informam tamb\u00e9m, que mesmo atingindo a idade da aposentadoria o segurado n\u00e3o \u00e9 obrigado a se aposentar, caso n\u00e3o seja de sua vontade.<br \/>Segundo informa\u00e7\u00f5es do INSS, o objetivo da nova medida \u00e9 promover o reconhecimento de direitos com maior rapidez, efici\u00eancia e efic\u00e1cia.<\/p>\n<p>Com isso, o processo de concess\u00e3o da aposentadoria para quem j\u00e1 tem direito a este benef\u00edcio se torna mais f\u00e1cil. O valor da aposentadoria por idade corresponde a 70% do sal\u00e1rio de benef\u00edcio, acrescidos em 1% para cada grupo de 12 contribui\u00e7\u00f5es mensais at\u00e9 completar 100% do sal\u00e1rio de benef\u00edcio. Para o trabalhador da \u00e1rea urbana \u00e9 preciso ter pelo menos as 180 contribui\u00e7\u00f5es, que equivalem \u00e1 15 anos.<\/p>\n<hr \/>\n<p>&nbsp;Fonte: Da reda\u00e7\u00e3o\/Colabora\u00e7\u00e3o<\/p>\n","protected":false},"excerpt":{"rendered":"<p>Foi publicado no Di\u00e1rio Oficial da Uni\u00e3o que os trabalhadores que contribuem para a Previd\u00eancia Social v\u00e3o se aposentar por idade sem precisar enfrentar fila nos postos do INSS. A partir dessa decis\u00e3o, entrou em vigor a medida do reconhecimento autom\u00e1tico para ter direito ao benef\u00edcio da aposentadoria por idade. Os contribuintes ser\u00e3o avisados pelo [&hellip;]<\/p>\n","protected":false},"author":96,"featured_media":81311,"comment_status":"closed","ping_status":"closed","sticky":false,"template":"","format":"standard","meta":{"footnotes":""},"categories":[261],"tags":[],"class_list":["post-81312","post","type-post","status-publish","format-standard","has-post-thumbnail","hentry","category-economia"],"_links":{"self":[{"href":"https:\/\/diarioregionaldigital.com.br\/index.php?rest_route=\/wp\/v2\/posts\/81312","targetHints":{"allow":["GET"]}}],"collection":[{"href":"https:\/\/diarioregionaldigital.com.br\/index.php?rest_route=\/wp\/v2\/posts"}],"about":[{"href":"https:\/\/diarioregionaldigital.com.br\/index.php?rest_route=\/wp\/v2\/types\/post"}],"author":[{"embeddable":true,"href":"https:\/\/diarioregionaldigital.com.br\/index.php?rest_route=\/wp\/v2\/users\/96"}],"replies":[{"embeddable":true,"href":"https:\/\/diarioregionaldigital.com.br\/index.php?rest_route=%2Fwp%2Fv2%2Fcomments&post=81312"}],"version-history":[{"count":0,"href":"https:\/\/diarioregionaldigital.com.br\/index.php?rest_route=\/wp\/v2\/posts\/81312\/revisions"}],"wp:featuredmedia":[{"embeddable":true,"href":"https:\/\/diarioregionaldigital.com.br\/index.php?rest_route=\/wp\/v2\/media\/81311"}],"wp:attachment":[{"href":"https:\/\/diarioregionaldigital.com.br\/index.php?rest_route=%2Fwp%2Fv2%2Fmedia&parent=81312"}],"wp:term":[{"taxonomy":"category","embeddable":true,"href":"https:\/\/diarioregionaldigital.com.br\/index.php?rest_route=%2Fwp%2Fv2%2Fcategories&post=81312"},{"taxonomy":"post_tag","embeddable":true,"href":"https:\/\/diarioregionaldigital.com.br\/index.php?rest_route=%2Fwp%2Fv2%2Ftags&post=81312"}],"curies":[{"name":"wp","href":"https:\/\/api.w.org\/{rel}","templated":true}]}}