{"id":81310,"date":"2017-09-19T19:27:15","date_gmt":"2017-09-19T22:27:15","guid":{"rendered":"http:\/\/diarioregionaljf.com.br\/2017\/09\/19\/quatro-pessoas-foram-vitimas-de-assaltantes-armados-nessa-segunda-feira-em-juiz-de-fora\/"},"modified":"2017-09-19T19:27:15","modified_gmt":"2017-09-19T22:27:15","slug":"quatro-pessoas-foram-vitimas-de-assaltantes-armados-nessa-segunda-feira-em-juiz-de-fora","status":"publish","type":"post","link":"https:\/\/diarioregionaldigital.com.br\/?p=81310","title":{"rendered":"Quatro pessoas foram v\u00edtimas de assaltantes armados nessa segunda-feira em Juiz de Fora"},"content":{"rendered":"<p>No in\u00edcio da tarde dessa segunda-feira, 18, dois adolescentes, de 13 e 14 anos, foram assaltados por um homem armado com uma faca, na Travessa Nelson Silva, bairro Costa Carvalho, zona Leste. De acordo com informa\u00e7\u00f5es da Pol\u00edcia Militar (PM), as v\u00edtimas relataram que haviam sa\u00eddo da escola e estavam a caminho de casa quando foram abordadas pelo suspeito. O assaltante exigiu que eles ficassem calados e entregassem seus aparelhos celulares.<\/p>\n<p>Ap\u00f3s cometer o roubo, o homem fugiu a p\u00e9, no sentido da Pra\u00e7a da Esta\u00e7\u00e3o. Foi feito rastreamento, mas o mesmo n\u00e3o foi encontrado.<\/p>\n<p>\u00c0 noite, um jovem de 20 anos foi amea\u00e7ado e teve seu celular levado por um homem armado com um rev\u00f3lver, no bairro Teixeiras, zona Sul. A v\u00edtima relatou aos policiais que o homem anunciou o assalto e, apontando o rev\u00f3lver em dire\u00e7\u00e3o \u00e0 sua cabe\u00e7a, ordenou que ele entregasse o celular. Com medo, o jovem jogou o aparelho no ch\u00e3o. O suspeito pegou o objeto e fugiu em sentido ignorado.<\/p>\n<p>Tamb\u00e9m na noite dessa segunda-feira, 18, uma jovem de 24 anos teve seu aparelho celular roubado por dois homens. Segundo o registro da ocorr\u00eancia, a v\u00edtima estava em um ponto de \u00f4nibus na Avenida Francisco Bernardino, regi\u00e3o central, quando foi abordada pelos suspeitos, que amea\u00e7aram esfaque\u00e1-la. Os autores fugiram em dire\u00e7\u00e3o \u00e0 Rua Santo Ant\u00f4nio, mas n\u00e3o foram localizados.<\/p>\n","protected":false},"excerpt":{"rendered":"<p>No in\u00edcio da tarde dessa segunda-feira, 18, dois adolescentes, de 13 e 14 anos, foram assaltados por um homem armado com uma faca, na Travessa Nelson Silva, bairro Costa Carvalho, zona Leste. De acordo com informa\u00e7\u00f5es da Pol\u00edcia Militar (PM), as v\u00edtimas relataram que haviam sa\u00eddo da escola e estavam a caminho de casa quando [&hellip;]<\/p>\n","protected":false},"author":96,"featured_media":81309,"comment_status":"closed","ping_status":"closed","sticky":false,"template":"","format":"standard","meta":{"footnotes":""},"categories":[301],"tags":[],"class_list":["post-81310","post","type-post","status-publish","format-standard","has-post-thumbnail","hentry","category-artigos-policiais"],"_links":{"self":[{"href":"https:\/\/diarioregionaldigital.com.br\/index.php?rest_route=\/wp\/v2\/posts\/81310","targetHints":{"allow":["GET"]}}],"collection":[{"href":"https:\/\/diarioregionaldigital.com.br\/index.php?rest_route=\/wp\/v2\/posts"}],"about":[{"href":"https:\/\/diarioregionaldigital.com.br\/index.php?rest_route=\/wp\/v2\/types\/post"}],"author":[{"embeddable":true,"href":"https:\/\/diarioregionaldigital.com.br\/index.php?rest_route=\/wp\/v2\/users\/96"}],"replies":[{"embeddable":true,"href":"https:\/\/diarioregionaldigital.com.br\/index.php?rest_route=%2Fwp%2Fv2%2Fcomments&post=81310"}],"version-history":[{"count":0,"href":"https:\/\/diarioregionaldigital.com.br\/index.php?rest_route=\/wp\/v2\/posts\/81310\/revisions"}],"wp:featuredmedia":[{"embeddable":true,"href":"https:\/\/diarioregionaldigital.com.br\/index.php?rest_route=\/wp\/v2\/media\/81309"}],"wp:attachment":[{"href":"https:\/\/diarioregionaldigital.com.br\/index.php?rest_route=%2Fwp%2Fv2%2Fmedia&parent=81310"}],"wp:term":[{"taxonomy":"category","embeddable":true,"href":"https:\/\/diarioregionaldigital.com.br\/index.php?rest_route=%2Fwp%2Fv2%2Fcategories&post=81310"},{"taxonomy":"post_tag","embeddable":true,"href":"https:\/\/diarioregionaldigital.com.br\/index.php?rest_route=%2Fwp%2Fv2%2Ftags&post=81310"}],"curies":[{"name":"wp","href":"https:\/\/api.w.org\/{rel}","templated":true}]}}