{"id":81152,"date":"2017-09-18T12:31:48","date_gmt":"2017-09-18T15:31:48","guid":{"rendered":"http:\/\/diarioregionaljf.com.br\/2017\/09\/18\/raquel-dodge-e-a-primeira-mulher-a-assumir-a-procuradoria-geral-da-republica\/"},"modified":"2017-09-18T12:31:48","modified_gmt":"2017-09-18T15:31:48","slug":"raquel-dodge-e-a-primeira-mulher-a-assumir-a-procuradoria-geral-da-republica","status":"publish","type":"post","link":"https:\/\/diarioregionaldigital.com.br\/?p=81152","title":{"rendered":"Raquel Dodge \u00e9 a primeira mulher a assumir a Procuradoria-Geral da Rep\u00fablica"},"content":{"rendered":"<p>Raquel Dodge assumiu nessa segunda-feira, 18, a Procuradoria-Geral da Rep\u00fablica e a presid\u00eancia do Conselho Nacional do Minist\u00e9rio P\u00fablico. O termo de posse foi assinado por ela e pelo presidente Michel Temer, em cerim\u00f4nia da PGR.<\/p>\n<p>Em seu discurso de posse, Dodge disse que o Minist\u00e9rio P\u00fablico tem \u201co dever de cobrar dos que gerenciam o gasto p\u00fablico que o fa\u00e7am de modo honesto, eficiente e probo, ao ponto de restabelecer a confian\u00e7a das pessoas nas institui\u00e7\u00f5es de governan\u00e7a\u201d.<\/p>\n<p>Sobre este assunto, ela citou uma fala do papa Francisco, na qual o pont\u00edfice ensina que \u201ca corrup\u00e7\u00e3o n\u00e3o \u00e9 um ato, mas uma condi\u00e7\u00e3o, um estado pessoal e social, no qual a pessoa se habitua a viver\u201d, disse.<\/p>\n<p>\u201cO corrupto est\u00e1 t\u00e3o fechado e satisfeito em alimentar a sua autosufici\u00eancia que n\u00e3o se deixa questionar por nada nem por ningu\u00e9m. Constituiu uma autoestima que se baseia em atitudes fraudulentas. Passa a vida buscando os atalhos do oportunismo, ao pre\u00e7o de sua pr\u00f3pria dignidade e da dignidade dos outros. A corrup\u00e7\u00e3o faz perder o pudor que protege a verdade, a bondade e a beleza\u201d, acrescentou.<\/p>\n<p>&nbsp;<\/p>\n<h4>NINGU\u00c9M ACIMA DA LEI<\/h4>\n<p>A nova procuradora-geral tamb\u00e9m indicou que o Minist\u00e9rio P\u00fablico deve trabalhar para todos igualmente. &#8220;O Minist\u00e9rio P\u00fablico deve promover justi\u00e7a e promover democracia, zelar pelo bem comum e pelo meio ambiente, assegurar voz a quem n\u00e3o a tem e garantir que ningu\u00e9m esteja acima e ningu\u00e9m esteja abaixo da lei&#8221;, afirmou.<\/p>\n<p>Ela destacou que o MP tem o dever desempenhar bem todas suas fun\u00e7\u00f5es, uma vez que elas s\u00e3o necess\u00e1rias para muitos brasileiros. \u201cA situa\u00e7\u00e3o continua dif\u00edcil, pois [os brasileiros] est\u00e3o expostos \u00e0 viol\u00eancia e \u00e0 inseguran\u00e7a p\u00fablica, recebem servi\u00e7os p\u00fablicos prec\u00e1rios, pagam impostos elevados, encontram obst\u00e1culos no acesso \u00e0 Justi\u00e7a, sofrem os efeitos da corrup\u00e7\u00e3o, t\u00eam dificuldade de se auto-organizar, mas ainda almejam um futuro de prosperidade e paz social\u201d.<\/p>\n<p>Segundo Dodge, n\u00e3o t\u00eam faltado meios or\u00e7ament\u00e1rios nem instrumentos jur\u00eddicos para que o MP cumpra seu papel constitucional. \u201cEstou certa de que o MP continuar\u00e1 a receber do Poder Executivo e do Congresso Nacional o apoio indispens\u00e1vel ao aprimoramento das leis e das institui\u00e7\u00f5es republicanas e para o exerc\u00edcio de nossas atribui\u00e7\u00f5es\u201d.<\/p>\n<p>Membro do Minist\u00e9rio P\u00fablico Federal desde 1987, Raquel Dodge \u00e9 primeira mulher a exercer o cargo de procuradora-geral da Rep\u00fablica. Para vice-procurador-geral da Rep\u00fablica, ela escolheu o subprocurador-geral da Rep\u00fablica Luciano Maris Maia. Ela foi indicada na lista tr\u00edplice enviada ao presidente da Rep\u00fablica ap\u00f3s elei\u00e7\u00e3o da Associa\u00e7\u00e3o Nacional dos Procuradores da Rep\u00fablica (ANPR). Raquel Dodge foi a segunda mais votada, ficando atr\u00e1s de Nicolao Dino. Em julho, ela foi aprovada pelo plen\u00e1rio do Senado por 74 votos a 1 e uma absten\u00e7\u00e3o.<\/p>\n<p>Fonte: Ag\u00eancia Brasil<\/p>\n","protected":false},"excerpt":{"rendered":"<p>Raquel Dodge assumiu nessa segunda-feira, 18, a Procuradoria-Geral da Rep\u00fablica e a presid\u00eancia do Conselho Nacional do Minist\u00e9rio P\u00fablico. O termo de posse foi assinado por ela e pelo presidente Michel Temer, em cerim\u00f4nia da PGR. Em seu discurso de posse, Dodge disse que o Minist\u00e9rio P\u00fablico tem \u201co dever de cobrar dos que gerenciam [&hellip;]<\/p>\n","protected":false},"author":96,"featured_media":81151,"comment_status":"closed","ping_status":"closed","sticky":false,"template":"","format":"standard","meta":{"footnotes":""},"categories":[254],"tags":[],"class_list":["post-81152","post","type-post","status-publish","format-standard","has-post-thumbnail","hentry","category-politica"],"_links":{"self":[{"href":"https:\/\/diarioregionaldigital.com.br\/index.php?rest_route=\/wp\/v2\/posts\/81152","targetHints":{"allow":["GET"]}}],"collection":[{"href":"https:\/\/diarioregionaldigital.com.br\/index.php?rest_route=\/wp\/v2\/posts"}],"about":[{"href":"https:\/\/diarioregionaldigital.com.br\/index.php?rest_route=\/wp\/v2\/types\/post"}],"author":[{"embeddable":true,"href":"https:\/\/diarioregionaldigital.com.br\/index.php?rest_route=\/wp\/v2\/users\/96"}],"replies":[{"embeddable":true,"href":"https:\/\/diarioregionaldigital.com.br\/index.php?rest_route=%2Fwp%2Fv2%2Fcomments&post=81152"}],"version-history":[{"count":0,"href":"https:\/\/diarioregionaldigital.com.br\/index.php?rest_route=\/wp\/v2\/posts\/81152\/revisions"}],"wp:featuredmedia":[{"embeddable":true,"href":"https:\/\/diarioregionaldigital.com.br\/index.php?rest_route=\/wp\/v2\/media\/81151"}],"wp:attachment":[{"href":"https:\/\/diarioregionaldigital.com.br\/index.php?rest_route=%2Fwp%2Fv2%2Fmedia&parent=81152"}],"wp:term":[{"taxonomy":"category","embeddable":true,"href":"https:\/\/diarioregionaldigital.com.br\/index.php?rest_route=%2Fwp%2Fv2%2Fcategories&post=81152"},{"taxonomy":"post_tag","embeddable":true,"href":"https:\/\/diarioregionaldigital.com.br\/index.php?rest_route=%2Fwp%2Fv2%2Ftags&post=81152"}],"curies":[{"name":"wp","href":"https:\/\/api.w.org\/{rel}","templated":true}]}}