{"id":81150,"date":"2017-09-18T12:22:29","date_gmt":"2017-09-18T15:22:29","guid":{"rendered":"http:\/\/diarioregionaljf.com.br\/2017\/09\/18\/homem-morre-em-acidente-entre-onibus-e-carro-na-br-267\/"},"modified":"2017-09-18T12:22:29","modified_gmt":"2017-09-18T15:22:29","slug":"homem-morre-em-acidente-entre-onibus-e-carro-na-br-267","status":"publish","type":"post","link":"https:\/\/diarioregionaldigital.com.br\/?p=81150","title":{"rendered":"Homem morre em acidente entre \u00f4nibus e carro na BR-267"},"content":{"rendered":"<p>Um acidente, envolvendo um \u00f4nibus da Via\u00e7\u00e3o Sertaneja e um carro, deixou uma v\u00edtima fatal na noite deste domingo, 17. A batida ocorreu na BR-267, na altura do KM 81.<\/p>\n<p>Segundo informa\u00e7\u00f5es do Corpo de Bombeiros, o \u00f4nibus seguia em dire\u00e7\u00e3o a cidade de Pequeri, quando um Fiat Palio se chocou contra ele. O carro era de Juiz de Fora e seguia em para a cidade, o motorista, de 57 anos, teria tentado uma ultrapassagem.<\/p>\n<p>Os passageiros do \u00f4nibus n\u00e3o sofreram nenhum ferimento e foram removidos para outro ve\u00edculo da via\u00e7\u00e3o, que vinha logo atr\u00e1s. O motorista do carro veio a \u00f3bito no momento do acidente.<\/p>\n<p>A per\u00edcia esteve no local para identifica\u00e7\u00e3o da v\u00edtima e remo\u00e7\u00e3o do corpo.<\/p>\n","protected":false},"excerpt":{"rendered":"<p>Um acidente, envolvendo um \u00f4nibus da Via\u00e7\u00e3o Sertaneja e um carro, deixou uma v\u00edtima fatal na noite deste domingo, 17. A batida ocorreu na BR-267, na altura do KM 81. Segundo informa\u00e7\u00f5es do Corpo de Bombeiros, o \u00f4nibus seguia em dire\u00e7\u00e3o a cidade de Pequeri, quando um Fiat Palio se chocou contra ele. O carro [&hellip;]<\/p>\n","protected":false},"author":96,"featured_media":81149,"comment_status":"closed","ping_status":"closed","sticky":false,"template":"","format":"standard","meta":{"footnotes":""},"categories":[252],"tags":[],"class_list":["post-81150","post","type-post","status-publish","format-standard","has-post-thumbnail","hentry","category-regiao"],"_links":{"self":[{"href":"https:\/\/diarioregionaldigital.com.br\/index.php?rest_route=\/wp\/v2\/posts\/81150","targetHints":{"allow":["GET"]}}],"collection":[{"href":"https:\/\/diarioregionaldigital.com.br\/index.php?rest_route=\/wp\/v2\/posts"}],"about":[{"href":"https:\/\/diarioregionaldigital.com.br\/index.php?rest_route=\/wp\/v2\/types\/post"}],"author":[{"embeddable":true,"href":"https:\/\/diarioregionaldigital.com.br\/index.php?rest_route=\/wp\/v2\/users\/96"}],"replies":[{"embeddable":true,"href":"https:\/\/diarioregionaldigital.com.br\/index.php?rest_route=%2Fwp%2Fv2%2Fcomments&post=81150"}],"version-history":[{"count":0,"href":"https:\/\/diarioregionaldigital.com.br\/index.php?rest_route=\/wp\/v2\/posts\/81150\/revisions"}],"wp:featuredmedia":[{"embeddable":true,"href":"https:\/\/diarioregionaldigital.com.br\/index.php?rest_route=\/wp\/v2\/media\/81149"}],"wp:attachment":[{"href":"https:\/\/diarioregionaldigital.com.br\/index.php?rest_route=%2Fwp%2Fv2%2Fmedia&parent=81150"}],"wp:term":[{"taxonomy":"category","embeddable":true,"href":"https:\/\/diarioregionaldigital.com.br\/index.php?rest_route=%2Fwp%2Fv2%2Fcategories&post=81150"},{"taxonomy":"post_tag","embeddable":true,"href":"https:\/\/diarioregionaldigital.com.br\/index.php?rest_route=%2Fwp%2Fv2%2Ftags&post=81150"}],"curies":[{"name":"wp","href":"https:\/\/api.w.org\/{rel}","templated":true}]}}