{"id":81148,"date":"2017-09-16T23:31:35","date_gmt":"2017-09-17T02:31:35","guid":{"rendered":"http:\/\/diarioregionaljf.com.br\/2017\/09\/16\/fortaleza-bate-o-tupi-e-sai-em-vantagem-para-a-decisao\/"},"modified":"2017-09-16T23:31:35","modified_gmt":"2017-09-17T02:31:35","slug":"fortaleza-bate-o-tupi-e-sai-em-vantagem-para-a-decisao","status":"publish","type":"post","link":"https:\/\/diarioregionaldigital.com.br\/?p=81148","title":{"rendered":"Fortaleza bate o Tupi e sai em vantagem para a decis\u00e3o"},"content":{"rendered":"<p>O Fortaleza abriu uma boa vantagem ao vencer o Tupi, na tarde deste s\u00e1bado, 16, na Arena do Castel\u00e3o, em Fortaleza. No primeiro jogo do mata-mata o Le\u00e3o venceu o Carij\u00f3 por 2 a 0, com gols de Leandro Lima e Bruno Melo. Ambos feitos no segundo tempo da partida. O Galo Carij\u00f3 conta com o apoio da torcida dentro de casa, para conseguir o resultado e o acesso para a segunda divis\u00e3o do Campeonato Brasileiro.<\/p>\n<p>Com torcida vibrante, o Le\u00e3o teve mais posse de bola no primeiro tempo chegando mais vezes na \u00e1rea ofensiva. Mas, foi o Carij\u00f3 que teve a melhor oportunidade de marcar, com Edm\u00e1rio de cabe\u00e7a, obrigando o goleiro Marcelo Boeck, a fazer uma defesa espetacular.<\/p>\n<p>No segundo tempo tudo mudou. Logo nos dois minutos, o Fortaleza abriu o placar com Leandro Lima. Nos cinco minutos seguintes o Tupi desorganizou. Aos 25 minutos de partida,&nbsp; com uma jogada na \u00e1rea que foi interceptada pela m\u00e3o do zagueiro Carij\u00f3, Fernando, marcando&nbsp; p\u00eanalti cobrado por&nbsp; Bruno Melo, que definiu o placar.<\/p>\n<p>Com o resultado, o Fortaleza pode at\u00e9 perder por um gol de diferen\u00e7a que conquista a vaga para a S\u00e9rie B. J\u00e1 o Tupi, precisa de um placar de 2 a 0 para ir aos p\u00eanaltis ou vencer por tr\u00eas ou mais gols de vantagem para conseguir o acesso a S\u00e9rie B.<\/p>\n<p>Tupi e Fortaleza voltam a se enfrentar no s\u00e1bado, 23, \u00e0s 20h30, no Est\u00e1dio Municipal Radialista M\u00e1rio Hel\u00eanio, em Juiz de Fora.<\/p>\n","protected":false},"excerpt":{"rendered":"<p>O Fortaleza abriu uma boa vantagem ao vencer o Tupi, na tarde deste s\u00e1bado, 16, na Arena do Castel\u00e3o, em Fortaleza. No primeiro jogo do mata-mata o Le\u00e3o venceu o Carij\u00f3 por 2 a 0, com gols de Leandro Lima e Bruno Melo. Ambos feitos no segundo tempo da partida. O Galo Carij\u00f3 conta com [&hellip;]<\/p>\n","protected":false},"author":96,"featured_media":81147,"comment_status":"closed","ping_status":"closed","sticky":false,"template":"","format":"standard","meta":{"footnotes":""},"categories":[257],"tags":[343,341,342],"class_list":["post-81148","post","type-post","status-publish","format-standard","has-post-thumbnail","hentry","category-esporte","tag-castelao","tag-fortaleza","tag-quartasdefinal"],"_links":{"self":[{"href":"https:\/\/diarioregionaldigital.com.br\/index.php?rest_route=\/wp\/v2\/posts\/81148","targetHints":{"allow":["GET"]}}],"collection":[{"href":"https:\/\/diarioregionaldigital.com.br\/index.php?rest_route=\/wp\/v2\/posts"}],"about":[{"href":"https:\/\/diarioregionaldigital.com.br\/index.php?rest_route=\/wp\/v2\/types\/post"}],"author":[{"embeddable":true,"href":"https:\/\/diarioregionaldigital.com.br\/index.php?rest_route=\/wp\/v2\/users\/96"}],"replies":[{"embeddable":true,"href":"https:\/\/diarioregionaldigital.com.br\/index.php?rest_route=%2Fwp%2Fv2%2Fcomments&post=81148"}],"version-history":[{"count":0,"href":"https:\/\/diarioregionaldigital.com.br\/index.php?rest_route=\/wp\/v2\/posts\/81148\/revisions"}],"wp:featuredmedia":[{"embeddable":true,"href":"https:\/\/diarioregionaldigital.com.br\/index.php?rest_route=\/wp\/v2\/media\/81147"}],"wp:attachment":[{"href":"https:\/\/diarioregionaldigital.com.br\/index.php?rest_route=%2Fwp%2Fv2%2Fmedia&parent=81148"}],"wp:term":[{"taxonomy":"category","embeddable":true,"href":"https:\/\/diarioregionaldigital.com.br\/index.php?rest_route=%2Fwp%2Fv2%2Fcategories&post=81148"},{"taxonomy":"post_tag","embeddable":true,"href":"https:\/\/diarioregionaldigital.com.br\/index.php?rest_route=%2Fwp%2Fv2%2Ftags&post=81148"}],"curies":[{"name":"wp","href":"https:\/\/api.w.org\/{rel}","templated":true}]}}