{"id":80960,"date":"2017-09-14T18:41:59","date_gmt":"2017-09-14T21:41:59","guid":{"rendered":"http:\/\/diarioregionaljf.com.br\/2017\/09\/14\/dupla-e-detida-apos-assaltar-adolescente-no-granjas-betania\/"},"modified":"2017-09-14T18:41:59","modified_gmt":"2017-09-14T21:41:59","slug":"dupla-e-detida-apos-assaltar-adolescente-no-granjas-betania","status":"publish","type":"post","link":"https:\/\/diarioregionaldigital.com.br\/?p=80960","title":{"rendered":"Dupla \u00e9 detida ap\u00f3s assaltar adolescente no Granjas Bet\u00e2nia"},"content":{"rendered":"<p>Uma adolescente de 17 anos foi assaltada na tarde dessa ter\u00e7a-feira, 13, em um ponto de \u00f4nibus na Avenida Juiz de Fora, bairro Granjas Bet\u00e2nia, regi\u00e3o Nordeste. De acordo com informa\u00e7\u00f5es da Pol\u00edcia Militar (PM), a v\u00edtima relatou que foi abordada por dois indiv\u00edduos e um deles socou sua m\u00e3o esquerda, subtraindo seu celular.<\/p>\n<p>Os autores fugiram em dire\u00e7\u00e3o a um pasto pr\u00f3ximo ao local. Ap\u00f3s buscas, os dois suspeitos, um adolescente de 15 anos e um jovem de 21, foram detidos. O aparelho celular da v\u00edtima foi recuperado.<\/p>\n","protected":false},"excerpt":{"rendered":"<p>Uma adolescente de 17 anos foi assaltada na tarde dessa ter\u00e7a-feira, 13, em um ponto de \u00f4nibus na Avenida Juiz de Fora, bairro Granjas Bet\u00e2nia, regi\u00e3o Nordeste. De acordo com informa\u00e7\u00f5es da Pol\u00edcia Militar (PM), a v\u00edtima relatou que foi abordada por dois indiv\u00edduos e um deles socou sua m\u00e3o esquerda, subtraindo seu celular. Os [&hellip;]<\/p>\n","protected":false},"author":96,"featured_media":80959,"comment_status":"closed","ping_status":"closed","sticky":false,"template":"","format":"standard","meta":{"footnotes":""},"categories":[301],"tags":[],"class_list":["post-80960","post","type-post","status-publish","format-standard","has-post-thumbnail","hentry","category-artigos-policiais"],"_links":{"self":[{"href":"https:\/\/diarioregionaldigital.com.br\/index.php?rest_route=\/wp\/v2\/posts\/80960","targetHints":{"allow":["GET"]}}],"collection":[{"href":"https:\/\/diarioregionaldigital.com.br\/index.php?rest_route=\/wp\/v2\/posts"}],"about":[{"href":"https:\/\/diarioregionaldigital.com.br\/index.php?rest_route=\/wp\/v2\/types\/post"}],"author":[{"embeddable":true,"href":"https:\/\/diarioregionaldigital.com.br\/index.php?rest_route=\/wp\/v2\/users\/96"}],"replies":[{"embeddable":true,"href":"https:\/\/diarioregionaldigital.com.br\/index.php?rest_route=%2Fwp%2Fv2%2Fcomments&post=80960"}],"version-history":[{"count":0,"href":"https:\/\/diarioregionaldigital.com.br\/index.php?rest_route=\/wp\/v2\/posts\/80960\/revisions"}],"wp:featuredmedia":[{"embeddable":true,"href":"https:\/\/diarioregionaldigital.com.br\/index.php?rest_route=\/wp\/v2\/media\/80959"}],"wp:attachment":[{"href":"https:\/\/diarioregionaldigital.com.br\/index.php?rest_route=%2Fwp%2Fv2%2Fmedia&parent=80960"}],"wp:term":[{"taxonomy":"category","embeddable":true,"href":"https:\/\/diarioregionaldigital.com.br\/index.php?rest_route=%2Fwp%2Fv2%2Fcategories&post=80960"},{"taxonomy":"post_tag","embeddable":true,"href":"https:\/\/diarioregionaldigital.com.br\/index.php?rest_route=%2Fwp%2Fv2%2Ftags&post=80960"}],"curies":[{"name":"wp","href":"https:\/\/api.w.org\/{rel}","templated":true}]}}