{"id":80777,"date":"2017-09-12T15:49:53","date_gmt":"2017-09-12T18:49:53","guid":{"rendered":"http:\/\/diarioregionaljf.com.br\/2017\/09\/12\/prefeita-de-santa-luzia-usou-dinheiro-publico-para-matar-jornalista\/"},"modified":"2017-09-12T15:49:53","modified_gmt":"2017-09-12T18:49:53","slug":"prefeita-de-santa-luzia-usou-dinheiro-publico-para-matar-jornalista","status":"publish","type":"post","link":"https:\/\/diarioregionaldigital.com.br\/?p=80777","title":{"rendered":"Prefeita de Santa Luzia (BH) usou dinheiro p\u00fablico para matar jornalista"},"content":{"rendered":"<p>A prefeita de Santa Luzia, cidade localizada na Grande BH, cerca de 300km de Juiz de Fora, Roseli Ferreira Pimentel (PSB) foi indiciada por homic\u00eddio duplamente qualificado pelo assassinato do jornalista Maur\u00edcio Campos Rosa, de 64 anos. As investiga\u00e7\u00f5es apontam que a morte foi motivada pela disputa eleitoral. A administradora municipal, presa na quinta-feira, vai tamb\u00e9m responder por peculato, pois teria usado verba p\u00fablica para financiar o homic\u00eddio e ocultado provas do crime. Os detalhes do caso foram repassados em entrevista coletiva na tarde desta segunda-feira.<\/p>\n<p>O assassinato do jornalista, que era dono do jornal O Grito, ocorreu em 17 de agosto de 2016. Segundo as investiga\u00e7\u00f5es, Maur\u00edcio foi atingido por cinco tiros quando deixava a casa de uma pessoa que havia visitado, no Bairro Frimisa. De acordo com a PM, uma testemunha disse que Maur\u00edcio Campos havia acabado de sair do im\u00f3vel quando foi baleado. Ele foi atingido por um disparo no pesco\u00e7o e quatro nas costas.<\/p>\n<p>Rosa foi levado pelos policiais at\u00e9 o Pronto-Atendimento do Bairro S\u00e3o Benedito, mas precisou ser transferido para o Hospital Risoleta Neves, em Venda Nova, onde morreu. O jornal O Grito \u00e9 distribu\u00eddo gratuitamente em Santa Luzia h\u00e1 mais de 20 anos, com not\u00edcias da regi\u00e3o.<\/p>\n<p>De acordo com o delegado C\u00e9sar Matoso, respons\u00e1vel pelas investiga\u00e7\u00f5es, a prefeita pagou R$20 mil pelo crime. O recurso teria sido retirado da Secretaria Municipal de Sa\u00fade, mas com nota emitida pela Secretaria Municipal de Educa\u00e7\u00e3o como compra de mam\u00e3o para a merenda escolar.<\/p>\n<hr \/>\n<p>&nbsp;Fonte: Assessoria\/ Colaborac\u00e3o<\/p>\n","protected":false},"excerpt":{"rendered":"<p>A prefeita de Santa Luzia, cidade localizada na Grande BH, cerca de 300km de Juiz de Fora, Roseli Ferreira Pimentel (PSB) foi indiciada por homic\u00eddio duplamente qualificado pelo assassinato do jornalista Maur\u00edcio Campos Rosa, de 64 anos. As investiga\u00e7\u00f5es apontam que a morte foi motivada pela disputa eleitoral. A administradora municipal, presa na quinta-feira, vai [&hellip;]<\/p>\n","protected":false},"author":96,"featured_media":80776,"comment_status":"closed","ping_status":"closed","sticky":false,"template":"","format":"standard","meta":{"footnotes":""},"categories":[252],"tags":[],"class_list":["post-80777","post","type-post","status-publish","format-standard","has-post-thumbnail","hentry","category-regiao"],"_links":{"self":[{"href":"https:\/\/diarioregionaldigital.com.br\/index.php?rest_route=\/wp\/v2\/posts\/80777","targetHints":{"allow":["GET"]}}],"collection":[{"href":"https:\/\/diarioregionaldigital.com.br\/index.php?rest_route=\/wp\/v2\/posts"}],"about":[{"href":"https:\/\/diarioregionaldigital.com.br\/index.php?rest_route=\/wp\/v2\/types\/post"}],"author":[{"embeddable":true,"href":"https:\/\/diarioregionaldigital.com.br\/index.php?rest_route=\/wp\/v2\/users\/96"}],"replies":[{"embeddable":true,"href":"https:\/\/diarioregionaldigital.com.br\/index.php?rest_route=%2Fwp%2Fv2%2Fcomments&post=80777"}],"version-history":[{"count":0,"href":"https:\/\/diarioregionaldigital.com.br\/index.php?rest_route=\/wp\/v2\/posts\/80777\/revisions"}],"wp:featuredmedia":[{"embeddable":true,"href":"https:\/\/diarioregionaldigital.com.br\/index.php?rest_route=\/wp\/v2\/media\/80776"}],"wp:attachment":[{"href":"https:\/\/diarioregionaldigital.com.br\/index.php?rest_route=%2Fwp%2Fv2%2Fmedia&parent=80777"}],"wp:term":[{"taxonomy":"category","embeddable":true,"href":"https:\/\/diarioregionaldigital.com.br\/index.php?rest_route=%2Fwp%2Fv2%2Fcategories&post=80777"},{"taxonomy":"post_tag","embeddable":true,"href":"https:\/\/diarioregionaldigital.com.br\/index.php?rest_route=%2Fwp%2Fv2%2Ftags&post=80777"}],"curies":[{"name":"wp","href":"https:\/\/api.w.org\/{rel}","templated":true}]}}