{"id":80664,"date":"2017-09-09T16:12:36","date_gmt":"2017-09-09T19:12:36","guid":{"rendered":"http:\/\/diarioregionaljf.com.br\/2017\/09\/09\/casal-fica-ferido-em-acidente-no-centro-de-muriae\/"},"modified":"2017-09-09T16:12:36","modified_gmt":"2017-09-09T19:12:36","slug":"casal-fica-ferido-em-acidente-no-centro-de-muriae","status":"publish","type":"post","link":"https:\/\/diarioregionaldigital.com.br\/?p=80664","title":{"rendered":"Casal fica ferido em acidente no Centro de Muria\u00e9"},"content":{"rendered":"<p>Duas pessoas ficaram feridas, uma delas inclusive com fratura em uma das pernas, em um acidente entre uma motocicleta e um autom\u00f3vel Fiesta Sedan na noite dessa sexta-feira, 8, na Avenida JK, no Centro de Muria\u00e9. As v\u00edtimas foram levadas para o hospital.<\/p>\n<p>N\u00e3o h\u00e1 informa\u00e7\u00f5es sobre a din\u00e2mica do acidente. o choque entre os dois ve\u00edculos aconteceu na altura da ponte Doutor Brum.<\/p>\n<p>Segundo sargento Agnaldo, do Corpo de Bombeiros, que participou do socorro \u00e0s v\u00edtimas, o condutor da moto sofreu fratura na perna esquerda e a mulher que estava na garupa teve apenas escoria\u00e7\u00f5es nos bra\u00e7os e nas pernas. A motorista, que estava sozinha no carro, n\u00e3o se feriu.<\/p>\n<p>Os dois ocupantes da moto foram socorridos pelos Bombeiros e pelo SAMU e encaminhados para o Hospital S\u00e3o Paulo.<\/p>\n<p>A Pol\u00edcia Militar (PM) tamb\u00e9m foi acionada, fez o registro da ocorr\u00eancia e a causa do acidente ainda ser\u00e1 apurada.<\/p>\n<p>Fonte: R\u00e1dio Muria\u00e9<\/p>\n","protected":false},"excerpt":{"rendered":"<p>Duas pessoas ficaram feridas, uma delas inclusive com fratura em uma das pernas, em um acidente entre uma motocicleta e um autom\u00f3vel Fiesta Sedan na noite dessa sexta-feira, 8, na Avenida JK, no Centro de Muria\u00e9. As v\u00edtimas foram levadas para o hospital. N\u00e3o h\u00e1 informa\u00e7\u00f5es sobre a din\u00e2mica do acidente. o choque entre os [&hellip;]<\/p>\n","protected":false},"author":96,"featured_media":80663,"comment_status":"closed","ping_status":"closed","sticky":false,"template":"","format":"standard","meta":{"footnotes":""},"categories":[252],"tags":[],"class_list":["post-80664","post","type-post","status-publish","format-standard","has-post-thumbnail","hentry","category-regiao"],"_links":{"self":[{"href":"https:\/\/diarioregionaldigital.com.br\/index.php?rest_route=\/wp\/v2\/posts\/80664","targetHints":{"allow":["GET"]}}],"collection":[{"href":"https:\/\/diarioregionaldigital.com.br\/index.php?rest_route=\/wp\/v2\/posts"}],"about":[{"href":"https:\/\/diarioregionaldigital.com.br\/index.php?rest_route=\/wp\/v2\/types\/post"}],"author":[{"embeddable":true,"href":"https:\/\/diarioregionaldigital.com.br\/index.php?rest_route=\/wp\/v2\/users\/96"}],"replies":[{"embeddable":true,"href":"https:\/\/diarioregionaldigital.com.br\/index.php?rest_route=%2Fwp%2Fv2%2Fcomments&post=80664"}],"version-history":[{"count":0,"href":"https:\/\/diarioregionaldigital.com.br\/index.php?rest_route=\/wp\/v2\/posts\/80664\/revisions"}],"wp:featuredmedia":[{"embeddable":true,"href":"https:\/\/diarioregionaldigital.com.br\/index.php?rest_route=\/wp\/v2\/media\/80663"}],"wp:attachment":[{"href":"https:\/\/diarioregionaldigital.com.br\/index.php?rest_route=%2Fwp%2Fv2%2Fmedia&parent=80664"}],"wp:term":[{"taxonomy":"category","embeddable":true,"href":"https:\/\/diarioregionaldigital.com.br\/index.php?rest_route=%2Fwp%2Fv2%2Fcategories&post=80664"},{"taxonomy":"post_tag","embeddable":true,"href":"https:\/\/diarioregionaldigital.com.br\/index.php?rest_route=%2Fwp%2Fv2%2Ftags&post=80664"}],"curies":[{"name":"wp","href":"https:\/\/api.w.org\/{rel}","templated":true}]}}