{"id":80607,"date":"2017-09-06T22:18:33","date_gmt":"2017-09-07T01:18:33","guid":{"rendered":"http:\/\/diarioregionaljf.com.br\/2017\/09\/06\/preco-do-botijao-do-gas-de-cozinha-sobe-mais-de-4\/"},"modified":"2017-09-06T22:18:33","modified_gmt":"2017-09-07T01:18:33","slug":"preco-do-botijao-do-gas-de-cozinha-sobe-mais-de-4","status":"publish","type":"post","link":"https:\/\/diarioregionaldigital.com.br\/?p=80607","title":{"rendered":"Pre\u00e7o do botij\u00e3o de g\u00e1s de cozinha sobe mais de 4%"},"content":{"rendered":"<p>A Petrobras anunciou um reajuste de 12,2% no pre\u00e7o do g\u00e1s liquefeito de petr\u00f3leo (GLP), o g\u00e1s de cozinha, vendido em botij\u00f5es de at\u00e9 13 kg nas refinarias. Os novos valores j\u00e1 podem ser repassados para as revendedoras. Com isso, as distribuidoras de g\u00e1s de Juiz de Fora j\u00e1 se organizam sobre como o aumento ser\u00e1 refletido no pre\u00e7o final ao consumidor.<\/p>\n<p>Para Jos\u00e9 Ant\u00f4nio Arantes Pereira, que \u00e9 propriet\u00e1rio de uma revendedora localizada no Bairro S\u00e3o Pedro, Cidade Alta, esse aumento pode trazer preju\u00edzos. Atualmente, o pre\u00e7o do botij\u00e3o vendido pelo comerciante varia entre R$65 e R$75, de acordo com a marca do g\u00e1s. Ele conta que ainda n\u00e3o sabe qual ser\u00e1 o percentual de reajuste que ir\u00e1 repassar para os clientes, mas que pretende reajustar de forma integral. \u201cAinda n\u00e3o reajustei o valor. Entretanto, a minha inten\u00e7\u00e3o \u00e9 repassar o reajuste para o consumidor, de forma integral. N\u00e3o existe a possibilidade de ser progressivo, pois a minha margem de lucro \u00e9 muito pouca e tenho muitas despesas\u201d, afirma.<\/p>\n<p>A reportagem do Di\u00e1rio Regional realizou pesquisa em v\u00e1rios estabelecimentos da cidade. O pre\u00e7o m\u00e9dio do botij\u00e3o de g\u00e1s vendido pelos comerciantes varia entre R$65 e R$75. Conforme a Petrobr\u00e1s, caso o reajuste seja repassado ao consumidor na sua integralidade, o pre\u00e7o do botij\u00e3o poder\u00e1 sofrer aumento de 4,2% ou R$2,44 por botij\u00e3o, isso se forem mantidas as margens de distribui\u00e7\u00e3o e de revenda e as al\u00edquotas de tributos.<\/p>\n<p>A dona de uma distribuidora de g\u00e1s localizada no Bairro S\u00e3o Mateus, regi\u00e3o central, que preferiu n\u00e3o se identificar, disse que na quinta-feira, 7, reajustou o valor, por\u00e9m, o aumento acontecer\u00e1 de forma gradativa, para n\u00e3o assustar os clientes. \u201cDesde setembro do ano passado, recebi cinco reajustes, mas n\u00e3o conseguir repass\u00e1-los aos consumidores. Embora isso tenha me causado preju\u00edzo, preferi segurar para n\u00e3o espantar a freguesia, que j\u00e1 est\u00e1 sendo pouca neste momento de crise, e continuarei fazendo desta forma\u201d, refor\u00e7a.<\/p>\n<p>Segundo Maira Barbosa Arantes, propriet\u00e1ria de revendas, tamb\u00e9m no bairro S\u00e3o Pedro, houve queda no volume das vendas ap\u00f3s a implanta\u00e7\u00e3o da nova pol\u00edtica de pre\u00e7os. Acostumada a trabalhar com varia\u00e7\u00e3o anual, ela alega dificuldades para se adequar \u00e0s mudan\u00e7as e convencer os clientes. \u201cO consumidor n\u00e3o aceita esses repasses e as empresas regularizadas n\u00e3o d\u00e3o conta de segurar, pois os impostos s\u00e3o altos. A gente segue o que \u00e9 definido pela Petrobr\u00e1s e, infelizmente, temos que repassar ao cliente, para n\u00e3o ter que fechar as portas\u201d, conclui Maria, acrescentando que reajustar\u00e1 os pre\u00e7os a partir desta sexta-feira, 8.<\/p>\n","protected":false},"excerpt":{"rendered":"<p>A Petrobras anunciou um reajuste de 12,2% no pre\u00e7o do g\u00e1s liquefeito de petr\u00f3leo (GLP), o g\u00e1s de cozinha, vendido em botij\u00f5es de at\u00e9 13 kg nas refinarias. Os novos valores j\u00e1 podem ser repassados para as revendedoras. Com isso, as distribuidoras de g\u00e1s de Juiz de Fora j\u00e1 se organizam sobre como o aumento [&hellip;]<\/p>\n","protected":false},"author":96,"featured_media":0,"comment_status":"closed","ping_status":"closed","sticky":false,"template":"","format":"standard","meta":{"footnotes":""},"categories":[253],"tags":[],"class_list":["post-80607","post","type-post","status-publish","format-standard","hentry","category-cidade"],"_links":{"self":[{"href":"https:\/\/diarioregionaldigital.com.br\/index.php?rest_route=\/wp\/v2\/posts\/80607","targetHints":{"allow":["GET"]}}],"collection":[{"href":"https:\/\/diarioregionaldigital.com.br\/index.php?rest_route=\/wp\/v2\/posts"}],"about":[{"href":"https:\/\/diarioregionaldigital.com.br\/index.php?rest_route=\/wp\/v2\/types\/post"}],"author":[{"embeddable":true,"href":"https:\/\/diarioregionaldigital.com.br\/index.php?rest_route=\/wp\/v2\/users\/96"}],"replies":[{"embeddable":true,"href":"https:\/\/diarioregionaldigital.com.br\/index.php?rest_route=%2Fwp%2Fv2%2Fcomments&post=80607"}],"version-history":[{"count":0,"href":"https:\/\/diarioregionaldigital.com.br\/index.php?rest_route=\/wp\/v2\/posts\/80607\/revisions"}],"wp:attachment":[{"href":"https:\/\/diarioregionaldigital.com.br\/index.php?rest_route=%2Fwp%2Fv2%2Fmedia&parent=80607"}],"wp:term":[{"taxonomy":"category","embeddable":true,"href":"https:\/\/diarioregionaldigital.com.br\/index.php?rest_route=%2Fwp%2Fv2%2Fcategories&post=80607"},{"taxonomy":"post_tag","embeddable":true,"href":"https:\/\/diarioregionaldigital.com.br\/index.php?rest_route=%2Fwp%2Fv2%2Ftags&post=80607"}],"curies":[{"name":"wp","href":"https:\/\/api.w.org\/{rel}","templated":true}]}}