{"id":80178,"date":"2017-08-30T22:57:04","date_gmt":"2017-08-31T01:57:04","guid":{"rendered":"http:\/\/diarioregionaljf.com.br\/2017\/08\/30\/instituicao-de-ensino-fecha-parceria-com-o-google\/"},"modified":"2017-08-30T22:57:04","modified_gmt":"2017-08-31T01:57:04","slug":"instituicao-de-ensino-fecha-parceria-com-o-google","status":"publish","type":"post","link":"https:\/\/diarioregionaldigital.com.br\/?p=80178","title":{"rendered":"Institui\u00e7\u00e3o de ensino fecha parceria com o Google"},"content":{"rendered":"<p>Criar uma extens\u00e3o permanente e virtual da sala de aula, agregando valor \u00e0 informa\u00e7\u00e3o por meio da tecnologia. \u201cO aluno do s\u00e9culo XXI precisa de ferramentas que auxiliem na intera\u00e7\u00e3o com os conte\u00fados ministrados pelo professor\u201d, destaca Ilza Costa, coordenadora de Tecnologia da Educa\u00e7\u00e3o no Col\u00e9gio Stella Matutina. A Rede de Educa\u00e7\u00e3o Mission\u00e1rias Servas do Esp\u00edrito Santo \u2013 mantenedora do Col\u00e9gio em Juiz de Fora e de outras cinco institui\u00e7\u00f5es em Belo Horizonte (MG), Rio de Janeiro (RJ) e S\u00e3o Paulo (SP) \u2013 firmou uma parceria com a Foreducation EdTech, representante do Google na \u00e1rea de educa\u00e7\u00e3o no Brasil, para a implanta\u00e7\u00e3o da plataforma Google Foreducation em todas as unidades da rede. Para isso, um consultor do Google ministrou, no final de agosto, treinamentos com alunos, professores, coordenadores e diretores do col\u00e9gio sobre tecnologia colaborativa.<\/p>\n<p>Pelo menos outras duas capacita\u00e7\u00f5es ainda est\u00e3o previstas para este ano. Al\u00e9m disso, a montagem de uma sala colaborativa e a aquisi\u00e7\u00e3o de computadores (conhecidos como chromebooks) s\u00e3o algumas das outras a\u00e7\u00f5es em processo de implanta\u00e7\u00e3o na unidade juiz-forana da rede.<\/p>\n<p>Durante o treinamento, o consultor do Google abordou alguns temas para auxiliar na experi\u00eancia com a plataforma de ensino integrado, como agenda hangout e documentos compartilhados, intera\u00e7\u00e3o da tecnologia com educadores, cria\u00e7\u00e3o de atividades para alunos, elabora\u00e7\u00e3o de uma \u00fanica sala de aula para todas as disciplinas, intera\u00e7\u00f5es com a plataforma Google Earth e orienta\u00e7\u00f5es para alunos, tutores e professores sobre como atuar, conhecer e buscar ferramentas para mediar a aplica\u00e7\u00e3o do conte\u00fado.<\/p>\n<p>\u201cA utiliza\u00e7\u00e3o, efetivamente, \u00e9 recente, mas o processo de implanta\u00e7\u00e3o da tecnologia teve in\u00edcio em junho. Dentro da plataforma temos o aplicativo Classroom, onde os professores compartilham diversos conte\u00fados com os alunos. Costumamos dizer que se trata de uma sala de aula invertida\u201d, explica Ilza. Nesse sentido, a informa\u00e7\u00e3o de cunho acad\u00eamico n\u00e3o transita de forma unilateral, pois n\u00e3o \u00e9 apenas o professor que informa algo. Os alunos podem interagir entre eles e publicar v\u00eddeos, textos, fotos ou links relacionados ao conte\u00fado ministrado em sala de aula.<\/p>\n<p>Para Tiago Reis, professor de hist\u00f3ria e sociologia e coordenador de Ci\u00eancias Humanas da institui\u00e7\u00e3o, a plataforma \u00e9 \u201cum sistema de educa\u00e7\u00e3o h\u00edbrida\u201d. &#8220;N\u00e3o \u00e9 um meio apenas de visualiza\u00e7\u00e3o. Eu posso publicar, por exemplo, a orienta\u00e7\u00e3o para assistir um determinado document\u00e1rio e, nessa mesma postagem, pedir que os alunos comentem sobre o filme. \u00c9 interativo e instant\u00e2neo, pois os alunos que utilizam a plataforma, seja pelo tablet, celular ou computador, recebem uma notifica\u00e7\u00e3o toda vez que algo \u00e9 publicado\u201d, pontua o docente.<\/p>\n<p>O aluno do terceiro ano do ensino m\u00e9dio Mateus Marzulo, de 17 anos, aprovou a novidade tecnol\u00f3gica. \u201cAntes, fic\u00e1vamos limitados \u00e0 sala de aula. Agora, temos uma oportunidade de intera\u00e7\u00e3o e aprendizado muito maior. Sinto-me mais motivado a aprender. O compartilhamento de conte\u00fado por todos ajuda a gente a aprofundar aquilo que foi apreendido\u201d, disse.<\/p>\n","protected":false},"excerpt":{"rendered":"<p>Criar uma extens\u00e3o permanente e virtual da sala de aula, agregando valor \u00e0 informa\u00e7\u00e3o por meio da tecnologia. \u201cO aluno do s\u00e9culo XXI precisa de ferramentas que auxiliem na intera\u00e7\u00e3o com os conte\u00fados ministrados pelo professor\u201d, destaca Ilza Costa, coordenadora de Tecnologia da Educa\u00e7\u00e3o no Col\u00e9gio Stella Matutina. A Rede de Educa\u00e7\u00e3o Mission\u00e1rias Servas do [&hellip;]<\/p>\n","protected":false},"author":96,"featured_media":80177,"comment_status":"closed","ping_status":"closed","sticky":false,"template":"","format":"standard","meta":{"footnotes":""},"categories":[253],"tags":[],"class_list":["post-80178","post","type-post","status-publish","format-standard","has-post-thumbnail","hentry","category-cidade"],"_links":{"self":[{"href":"https:\/\/diarioregionaldigital.com.br\/index.php?rest_route=\/wp\/v2\/posts\/80178","targetHints":{"allow":["GET"]}}],"collection":[{"href":"https:\/\/diarioregionaldigital.com.br\/index.php?rest_route=\/wp\/v2\/posts"}],"about":[{"href":"https:\/\/diarioregionaldigital.com.br\/index.php?rest_route=\/wp\/v2\/types\/post"}],"author":[{"embeddable":true,"href":"https:\/\/diarioregionaldigital.com.br\/index.php?rest_route=\/wp\/v2\/users\/96"}],"replies":[{"embeddable":true,"href":"https:\/\/diarioregionaldigital.com.br\/index.php?rest_route=%2Fwp%2Fv2%2Fcomments&post=80178"}],"version-history":[{"count":0,"href":"https:\/\/diarioregionaldigital.com.br\/index.php?rest_route=\/wp\/v2\/posts\/80178\/revisions"}],"wp:featuredmedia":[{"embeddable":true,"href":"https:\/\/diarioregionaldigital.com.br\/index.php?rest_route=\/wp\/v2\/media\/80177"}],"wp:attachment":[{"href":"https:\/\/diarioregionaldigital.com.br\/index.php?rest_route=%2Fwp%2Fv2%2Fmedia&parent=80178"}],"wp:term":[{"taxonomy":"category","embeddable":true,"href":"https:\/\/diarioregionaldigital.com.br\/index.php?rest_route=%2Fwp%2Fv2%2Fcategories&post=80178"},{"taxonomy":"post_tag","embeddable":true,"href":"https:\/\/diarioregionaldigital.com.br\/index.php?rest_route=%2Fwp%2Fv2%2Ftags&post=80178"}],"curies":[{"name":"wp","href":"https:\/\/api.w.org\/{rel}","templated":true}]}}