{"id":80174,"date":"2017-08-30T22:50:47","date_gmt":"2017-08-31T01:50:47","guid":{"rendered":"http:\/\/diarioregionaljf.com.br\/2017\/08\/30\/social-na-camara\/"},"modified":"2017-08-30T22:50:47","modified_gmt":"2017-08-31T01:50:47","slug":"social-na-camara","status":"publish","type":"post","link":"https:\/\/diarioregionaldigital.com.br\/?p=80174","title":{"rendered":"Social na C\u00e2mara"},"content":{"rendered":"<p style=\"text-align: center;\"><span class=\"h4\">Arte e Conscientiza\u00e7\u00e3o<\/span><br \/>Recebemos convite do Vale do A\u00e7o e d\u00e1 conta de que o Projeto Ambiente Arte que aborda a preven\u00e7\u00e3o ambiental de forma din\u00e2mica e atrativa, vai promover hoje, 31, na comunidade de Brumai, em Santa B\u00e1rbara, uma apresenta\u00e7\u00e3o teatral do grupo Boca de Cena, com o tema de preserva\u00e7\u00e3o ambiental e combate a inc\u00eandios florestais. A iniciativa \u00e9 parte do projeto Ambiente Arte, do Instituto Cenibra.<\/p>\n<p style=\"text-align: center;\"><span class=\"h4\">Not\u00edcia<\/span><br \/>Olha s\u00f3: a delegada e vereadora Sheila Oliveira (PTC) lan\u00e7ou um Projeto de Lei que visa permitir a utiliza\u00e7\u00e3o do elevador de acessibilidade dos \u00f4nibus urbanos da cidade a todas as pessoas portadoras de alguma defici\u00eancia ou limita\u00e7\u00e3o, incluindo gr\u00e1vidas, pessoas com carrinhos de beb\u00eas, obesos ou algu\u00e9m com mobilidade reduzida.<\/p>\n<p style=\"text-align: center;\"><span class=\"h4\">Sucesso<\/span><br \/>Jovem e talentoso, o DJ Murillo Lopes \u00e9 o nome da vez. Recentemente ele participou da 29\u00aa edi\u00e7\u00e3o do MC Dia Feliz no McDonald\u2019s do Bom Pastor. Neste dia, toda a arrecada\u00e7\u00e3o obtida com a venda do lanche Big\u2019Mac foi revertida para o apoio a projetos de institui\u00e7\u00f5es que trabalham em benef\u00edcio de adolescentes e crian\u00e7as com c\u00e2ncer, como a Funda\u00e7\u00e3o Ricardo Moys\u00e9s Jr.<\/p>\n<p style=\"text-align: center;\"><span class=\"h4\">L\u00e1 Longe<\/span><br \/>O centen\u00e1rio Teatro C\u00f3lon, de Buenos Aires, vai encenar pela primeira vez em sua hist\u00f3ria uma \u00f3pera de autor brasileiro. No m\u00eas que vem, o compositor e regente Jo\u00e3o Guilherme Ripper, afastado h\u00e1 seis meses da presid\u00eancia da Funda\u00e7\u00e3o Theatro Municipal, far\u00e1 por l\u00e1 quatro recitais de \u201cPiedade\u201d, baseada na tr\u00e1gica hist\u00f3ria de amor entre Euclides da Cunha, sua esposa Anna e o cadete Dilermando de Assis.<\/p>\n<p style=\"text-align: center;\"><span class=\"h4\">Despedida<\/span><br \/>O presidente do Instituto Brasileiro de Avalia\u00e7\u00f5es e Per\u00edcias (IBAP), o engenheiro mineiro Frederico Correia Lima, encerrou seu mandato na dire\u00e7\u00e3o da entidade no final do 10\u00ba Congresso Brasileiro de Engenharia de Per\u00edcias, realizado em Foz do Igua\u00e7u.<\/p>\n<p style=\"text-align: center;\"><span class=\"h3\">Social na C\u00e2mara<\/span><br \/>Tendo como cen\u00e1rio a C\u00e2mara Municipal de Juiz de Fora, aconteceu pela primeira vez a entrega da \u201cMedalha Geraldo Pereira\u201d. O plen\u00e1rio estava lotado e todos aplaudiram a iniciativa do vereador Ant\u00f4nio Aguiar. Gente de arte foi homenageada e o nome do sambista foi perpetuado no munic\u00edpio. As fotos mostram os homenageados.<\/p>\n<p style=\"text-align: center;\"><img decoding=\"async\" class=\" size-full wp-image-80162\" src=\"http:\/\/diarioregionaljf.com.br\/wp-content\/uploads\/2017\/08\/diario-int-19033-1.jpg\" alt=\"FOTOA.jpg\" width=\"680\" style=\"display: block; margin-left: auto; margin-right: auto;\" srcset=\"https:\/\/diarioregionaldigital.com.br\/wp-content\/uploads\/2017\/08\/diario-int-19033-1.jpg 680w, https:\/\/diarioregionaldigital.com.br\/wp-content\/uploads\/2017\/08\/diario-int-19033-1-300x198.jpg 300w, https:\/\/diarioregionaldigital.com.br\/wp-content\/uploads\/2017\/08\/diario-int-19033-1-360x238.jpg 360w\" sizes=\"(max-width: 680px) 100vw, 680px\" \/>Vereador Luiz Ot\u00e1vio Pardal, Sandra Portella e vereador Charlles Evangelista<\/p>\n<p style=\"text-align: center;\"><img decoding=\"async\" class=\" size-full wp-image-80163\" src=\"http:\/\/diarioregionaljf.com.br\/wp-content\/uploads\/2017\/08\/diario-int-19033-2.jpg\" alt=\"FOTOB.jpg\" width=\"680\" style=\"display: block; margin-left: auto; margin-right: auto;\" srcset=\"https:\/\/diarioregionaldigital.com.br\/wp-content\/uploads\/2017\/08\/diario-int-19033-2.jpg 680w, https:\/\/diarioregionaldigital.com.br\/wp-content\/uploads\/2017\/08\/diario-int-19033-2-300x199.jpg 300w, https:\/\/diarioregionaldigital.com.br\/wp-content\/uploads\/2017\/08\/diario-int-19033-2-360x238.jpg 360w\" sizes=\"(max-width: 680px) 100vw, 680px\" \/>Vereador Marlon Siqueira, Jos\u00e9 Luiz Ribeiro e vereador Kennedy Ribeiro<\/p>\n<p style=\"text-align: center;\"><img decoding=\"async\" class=\" size-full wp-image-80164\" src=\"http:\/\/diarioregionaljf.com.br\/wp-content\/uploads\/2017\/08\/diario-int-19033-3.jpg\" alt=\"FOTOC.jpg\" width=\"680\" style=\"display: block; margin-left: auto; margin-right: auto;\" srcset=\"https:\/\/diarioregionaldigital.com.br\/wp-content\/uploads\/2017\/08\/diario-int-19033-3.jpg 680w, https:\/\/diarioregionaldigital.com.br\/wp-content\/uploads\/2017\/08\/diario-int-19033-3-300x199.jpg 300w, https:\/\/diarioregionaldigital.com.br\/wp-content\/uploads\/2017\/08\/diario-int-19033-3-360x238.jpg 360w\" sizes=\"(max-width: 680px) 100vw, 680px\" \/>Vereador Jos\u00e9 M\u00e1rcio Garotinho, Dani Marie Uebe e vereador Vagner de Oliveira<\/p>\n<p style=\"text-align: center;\"><img decoding=\"async\" class=\" size-full wp-image-80165\" src=\"http:\/\/diarioregionaljf.com.br\/wp-content\/uploads\/2017\/08\/diario-int-19033-4.jpg\" alt=\"FOTOD.jpg\" width=\"680\" style=\"display: block; margin-left: auto; margin-right: auto;\" srcset=\"https:\/\/diarioregionaldigital.com.br\/wp-content\/uploads\/2017\/08\/diario-int-19033-4.jpg 680w, https:\/\/diarioregionaldigital.com.br\/wp-content\/uploads\/2017\/08\/diario-int-19033-4-300x198.jpg 300w, https:\/\/diarioregionaldigital.com.br\/wp-content\/uploads\/2017\/08\/diario-int-19033-4-360x238.jpg 360w\" sizes=\"(max-width: 680px) 100vw, 680px\" \/>Guilherme Mauler, Armando Aguiar (Mam\u00e3o) e Ant\u00f4nio Aguiar<\/p>\n<p style=\"text-align: center;\"><img decoding=\"async\" class=\" size-full wp-image-80166\" src=\"http:\/\/diarioregionaljf.com.br\/wp-content\/uploads\/2017\/08\/diario-int-19033-5.jpg\" alt=\"FOTOE.jpg\" width=\"680\" style=\"display: block; margin-left: auto; margin-right: auto;\" srcset=\"https:\/\/diarioregionaldigital.com.br\/wp-content\/uploads\/2017\/08\/diario-int-19033-5.jpg 680w, https:\/\/diarioregionaldigital.com.br\/wp-content\/uploads\/2017\/08\/diario-int-19033-5-300x199.jpg 300w, https:\/\/diarioregionaldigital.com.br\/wp-content\/uploads\/2017\/08\/diario-int-19033-5-360x238.jpg 360w\" sizes=\"(max-width: 680px) 100vw, 680px\" \/>O emocionante discurso de Jos\u00e9 Lu\u00eds Ribeiro<\/p>\n<p style=\"text-align: center;\"><img decoding=\"async\" class=\" size-full wp-image-80167\" src=\"http:\/\/diarioregionaljf.com.br\/wp-content\/uploads\/2017\/08\/diario-int-19033-6.jpg\" alt=\"FOTOF.jpg\" width=\"680\" style=\"display: block; margin-left: auto; margin-right: auto;\" srcset=\"https:\/\/diarioregionaldigital.com.br\/wp-content\/uploads\/2017\/08\/diario-int-19033-6.jpg 680w, https:\/\/diarioregionaldigital.com.br\/wp-content\/uploads\/2017\/08\/diario-int-19033-6-300x177.jpg 300w, https:\/\/diarioregionaldigital.com.br\/wp-content\/uploads\/2017\/08\/diario-int-19033-6-360x212.jpg 360w\" sizes=\"(max-width: 680px) 100vw, 680px\" \/>Os homenageados com as autoridades<\/p>\n<p style=\"text-align: center;\"><img decoding=\"async\" class=\" size-full wp-image-80168\" src=\"http:\/\/diarioregionaljf.com.br\/wp-content\/uploads\/2017\/08\/diario-int-19033-7.jpg\" alt=\"FOTOG.jpg\" width=\"680\" style=\"display: block; margin-left: auto; margin-right: auto;\" srcset=\"https:\/\/diarioregionaldigital.com.br\/wp-content\/uploads\/2017\/08\/diario-int-19033-7.jpg 680w, https:\/\/diarioregionaldigital.com.br\/wp-content\/uploads\/2017\/08\/diario-int-19033-7-300x198.jpg 300w, https:\/\/diarioregionaldigital.com.br\/wp-content\/uploads\/2017\/08\/diario-int-19033-7-360x238.jpg 360w\" sizes=\"(max-width: 680px) 100vw, 680px\" \/>Ana Rossignoli, Marcus Vin\u00edcius Siqueira Dutra (representando Toninho Dutra) e Andr\u00e9 Mariano<\/p>\n<p style=\"text-align: center;\"><img decoding=\"async\" class=\" size-full wp-image-80169\" src=\"http:\/\/diarioregionaljf.com.br\/wp-content\/uploads\/2017\/08\/diario-int-19033-8.jpg\" alt=\"FOTOH.jpg\" width=\"680\" style=\"display: block; margin-left: auto; margin-right: auto;\" srcset=\"https:\/\/diarioregionaldigital.com.br\/wp-content\/uploads\/2017\/08\/diario-int-19033-8.jpg 680w, https:\/\/diarioregionaldigital.com.br\/wp-content\/uploads\/2017\/08\/diario-int-19033-8-300x198.jpg 300w, https:\/\/diarioregionaldigital.com.br\/wp-content\/uploads\/2017\/08\/diario-int-19033-8-360x238.jpg 360w\" sizes=\"(max-width: 680px) 100vw, 680px\" \/>Cl\u00e1udio Silva, Lucas Amaral e vereadora Sheila Oliveira<\/p>\n<p style=\"text-align: center;\"><img decoding=\"async\" class=\" size-full wp-image-80170\" src=\"http:\/\/diarioregionaljf.com.br\/wp-content\/uploads\/2017\/08\/diario-int-19033-9.jpg\" alt=\"FOTOI.jpg\" width=\"680\" style=\"display: block; margin-left: auto; margin-right: auto;\" srcset=\"https:\/\/diarioregionaldigital.com.br\/wp-content\/uploads\/2017\/08\/diario-int-19033-9.jpg 680w, https:\/\/diarioregionaldigital.com.br\/wp-content\/uploads\/2017\/08\/diario-int-19033-9-300x199.jpg 300w, https:\/\/diarioregionaldigital.com.br\/wp-content\/uploads\/2017\/08\/diario-int-19033-9-360x238.jpg 360w\" sizes=\"(max-width: 680px) 100vw, 680px\" \/>Lu\u00eds Ot\u00e1vio Pardal, Miltinho (Batera) e Charlles Evangelista<\/p>\n<p style=\"text-align: center;\"><img decoding=\"async\" class=\" size-full wp-image-80171\" src=\"http:\/\/diarioregionaljf.com.br\/wp-content\/uploads\/2017\/08\/diario-int-19033-10.jpg\" alt=\"FOTOJ.jpg\" width=\"680\" style=\"display: block; margin-left: auto; margin-right: auto;\" srcset=\"https:\/\/diarioregionaldigital.com.br\/wp-content\/uploads\/2017\/08\/diario-int-19033-10.jpg 680w, https:\/\/diarioregionaldigital.com.br\/wp-content\/uploads\/2017\/08\/diario-int-19033-10-300x199.jpg 300w, https:\/\/diarioregionaldigital.com.br\/wp-content\/uploads\/2017\/08\/diario-int-19033-10-360x238.jpg 360w\" sizes=\"(max-width: 680px) 100vw, 680px\" \/>Vereador Marlon Siqueira, Isabel Souza Santos, Jos\u00e9 M\u00e1rcio Garotinho<\/p>\n<p style=\"text-align: center;\"><img decoding=\"async\" class=\" size-full wp-image-80172\" src=\"http:\/\/diarioregionaljf.com.br\/wp-content\/uploads\/2017\/08\/diario-int-19033-11.jpg\" alt=\"FOTOL.jpg\" width=\"680\" style=\"display: block; margin-left: auto; margin-right: auto;\" srcset=\"https:\/\/diarioregionaldigital.com.br\/wp-content\/uploads\/2017\/08\/diario-int-19033-11.jpg 680w, https:\/\/diarioregionaldigital.com.br\/wp-content\/uploads\/2017\/08\/diario-int-19033-11-300x198.jpg 300w, https:\/\/diarioregionaldigital.com.br\/wp-content\/uploads\/2017\/08\/diario-int-19033-11-360x238.jpg 360w\" sizes=\"(max-width: 680px) 100vw, 680px\" \/>Vereadora Ana Rossignoli, Jo\u00e3ozinho da Percuss\u00e3o, vereadora Sheila Oliveira<\/p>\n<p style=\"text-align: center;\"><img decoding=\"async\" class=\" size-full wp-image-80173\" src=\"http:\/\/diarioregionaljf.com.br\/wp-content\/uploads\/2017\/08\/diario-int-19033-12.jpg\" alt=\"FOTOM.jpg\" width=\"680\" style=\"display: block; margin-left: auto; margin-right: auto;\" srcset=\"https:\/\/diarioregionaldigital.com.br\/wp-content\/uploads\/2017\/08\/diario-int-19033-12.jpg 680w, https:\/\/diarioregionaldigital.com.br\/wp-content\/uploads\/2017\/08\/diario-int-19033-12-300x199.jpg 300w, https:\/\/diarioregionaldigital.com.br\/wp-content\/uploads\/2017\/08\/diario-int-19033-12-360x238.jpg 360w\" sizes=\"(max-width: 680px) 100vw, 680px\" \/>Vice-prefeito Ant\u00f4nio Almas e o Grupo Bachar\u00e9is do Samba<\/p>\n<p class=\"h4\" style=\"text-align: center;\">FOTOSS\u00cdNTESE<\/p>\n<p>As ilustra\u00e7\u00f5es de Raphael Nascimento com o tema \u201cRabiscos Inconscientes\u201d segue em exposi\u00e7\u00e3o at\u00e9 o dia 2 de setembro, na Galeria Timboo, na rua Dona Zely Lage, n\u00ba 55, Passos.<\/p>\n<p>Em estilo \u00fanico, Iri\u00ea Salom\u00e3o de Campos abre exposi\u00e7\u00e3o com o tema \u201cVer Al\u00e9m\u201d, nesta quinta-feira, na Casa D\u2019It\u00e1lia. Nos quadros, coisas lindas de Juiz de Fora e de suas viagens.<\/p>\n<p>Cirinho Zacarias vai festejar seus 50 anos ao lado de Bianca e familiares no dia 1\u00ba de setembro, na bonita resid\u00eancia do Portal do Aeroporto.<\/p>\n<p>Dona cegonha mandou avisar este colunista que o casal Regina Ferreira e Leonardo Chillis encomendou um lindo beb\u00ea.<\/p>\n<p>Com previs\u00e3o de acontecer de 8 a 10 de mar\u00e7o de 2018, no Expominas\/JF, a 15\u00aa Confer\u00eancia Estadual dos Advogados Mineiros. Com previs\u00e3o de tr\u00eas mil participantes, o evento tem parceria do JF Convention &amp; Visitors Bureau e a OAB\/MG.<\/p>\n<p>Karminha Lopes e o Atelier Bem Casada pilotam no dia 1\u00ba de novembro, na Jade, o Noivas Preview 2018. Os espa\u00e7os ser\u00e3o ambientados por Alex Martins, Aline Vanelli, Jaqueline Bonjour, Lu\u00eds Duque e Marcelo Amoroso.<\/p>\n<p>O deputado estadual Noraldino J\u00fanior participou com o bispo Abner Ferreira e o pastor Valter Resende de Carvalho da Conven\u00e7\u00e3o Estadual de Igrejas Evang\u00e9licas Assembleia de Deus.<\/p>\n<p>Agendado para 12 de setembro, a inaugura\u00e7\u00e3o de mais um Bahamas Mix, em Uberaba.<\/p>\n<p>Din\u00e2mico e atuante o escritor Ant\u00f4nio Marques lan\u00e7ou na Livraria Nobel, em Petr\u00f3polis, seu livro \u201cQuem veio primeiro: o ovo ou a galinha?\u201d<\/p>\n<p>Vem a\u00ed, a mostra de arquitetura e decora\u00e7\u00e3o Casa Design Juiz de Fora. Quando setembro vier.<\/p>\n<p>Celso Noronha e Cristiano Costa curtiram o Festival Gastron\u00f4mico de Tiradentes.<\/p>\n<p>Para curtir: Gil Berbari produz no dia 3 de setembro, \u00e0s 18h, a Festa People, aos domingos no Mercadinho Qualquer coisa. Participa\u00e7\u00f5es de Lays e Rodrigo, DJ Duda Flux e DJ Coldhans. O bat-local \u00e9 na Av. Deusdedith Salgado, n\u00ba 1311.<\/p>\n","protected":false},"excerpt":{"rendered":"<p>Arte e Conscientiza\u00e7\u00e3oRecebemos convite do Vale do A\u00e7o e d\u00e1 conta de que o Projeto Ambiente Arte que aborda a preven\u00e7\u00e3o ambiental de forma din\u00e2mica e atrativa, vai promover hoje, 31, na comunidade de Brumai, em Santa B\u00e1rbara, uma apresenta\u00e7\u00e3o teatral do grupo Boca de Cena, com o tema de preserva\u00e7\u00e3o ambiental e combate a [&hellip;]<\/p>\n","protected":false},"author":96,"featured_media":80161,"comment_status":"closed","ping_status":"closed","sticky":false,"template":"","format":"standard","meta":{"footnotes":""},"categories":[264],"tags":[],"class_list":["post-80174","post","type-post","status-publish","format-standard","has-post-thumbnail","hentry","category-eduardo-gomes"],"_links":{"self":[{"href":"https:\/\/diarioregionaldigital.com.br\/index.php?rest_route=\/wp\/v2\/posts\/80174","targetHints":{"allow":["GET"]}}],"collection":[{"href":"https:\/\/diarioregionaldigital.com.br\/index.php?rest_route=\/wp\/v2\/posts"}],"about":[{"href":"https:\/\/diarioregionaldigital.com.br\/index.php?rest_route=\/wp\/v2\/types\/post"}],"author":[{"embeddable":true,"href":"https:\/\/diarioregionaldigital.com.br\/index.php?rest_route=\/wp\/v2\/users\/96"}],"replies":[{"embeddable":true,"href":"https:\/\/diarioregionaldigital.com.br\/index.php?rest_route=%2Fwp%2Fv2%2Fcomments&post=80174"}],"version-history":[{"count":0,"href":"https:\/\/diarioregionaldigital.com.br\/index.php?rest_route=\/wp\/v2\/posts\/80174\/revisions"}],"wp:featuredmedia":[{"embeddable":true,"href":"https:\/\/diarioregionaldigital.com.br\/index.php?rest_route=\/wp\/v2\/media\/80161"}],"wp:attachment":[{"href":"https:\/\/diarioregionaldigital.com.br\/index.php?rest_route=%2Fwp%2Fv2%2Fmedia&parent=80174"}],"wp:term":[{"taxonomy":"category","embeddable":true,"href":"https:\/\/diarioregionaldigital.com.br\/index.php?rest_route=%2Fwp%2Fv2%2Fcategories&post=80174"},{"taxonomy":"post_tag","embeddable":true,"href":"https:\/\/diarioregionaldigital.com.br\/index.php?rest_route=%2Fwp%2Fv2%2Ftags&post=80174"}],"curies":[{"name":"wp","href":"https:\/\/api.w.org\/{rel}","templated":true}]}}