{"id":80160,"date":"2017-08-30T22:35:03","date_gmt":"2017-08-31T01:35:03","guid":{"rendered":"http:\/\/diarioregionaljf.com.br\/2017\/08\/30\/bombeiros-sao-acionados-duas-vezes-para-combate-a-incendio-em-apartamento-na-silva-jardim\/"},"modified":"2017-08-30T22:35:03","modified_gmt":"2017-08-31T01:35:03","slug":"bombeiros-sao-acionados-duas-vezes-para-combate-a-incendio-em-apartamento-na-silva-jardim","status":"publish","type":"post","link":"https:\/\/diarioregionaldigital.com.br\/?p=80160","title":{"rendered":"Bombeiros s\u00e3o acionados duas vezes para combate a inc\u00eandio em apartamento na Silva Jardim"},"content":{"rendered":"<p>O quarto de um apartamento, situado na Rua Silva Jardim, na altura do bairro Santa Helena, regi\u00e3o Central, pegou fogo na madrugada dessa quarta-feira, 30. De acordo com o Corpo de Bombeiros, os militares foram acionados por volta de 00h. \u201cO apartamento \u00e9 no segundo andar do edif\u00edcio e as chamas estavam confinadas apenas neste c\u00f4modo, que, segundo a propriet\u00e1ria, era utilizado para guardar objetos\u201d, disse o tenente Evandro da Silva, assessor de comunica\u00e7\u00e3o do Corpo de Bombeiros. A propriet\u00e1ria n\u00e3o soube informar a causa do inc\u00eandio.<\/p>\n<p>\u201cAs a\u00e7\u00f5es de socorro contam com resgate de v\u00edtimas e o combate as chamas. A viatura de salvamento foi a primeira a chegar para prestar atendimento a poss\u00edveis feridos ou a pessoas que estariam em risco. A autobomba, que estava em ponto mais distante, chegou depois e combateu as chamas\u201d, esclareceu o tenente, ao informar que n\u00e3o houve v\u00edtimas e que o fogo n\u00e3o atingiu os demais c\u00f4modos do apartamento e nem causou danos ao pr\u00e9dio.<\/p>\n<p>O Corpo de Bombeiros foi acionado novamente na manh\u00e3 dessa quarta, pois foi visto fuma\u00e7a saindo do quarto. \u201cN\u00f3s retornamos e resfriamos o local novamente\u201d, informou o tenente.<\/p>\n<p>A Defesa Civil tamb\u00e9m foi acionada e esteve no local. \u201cEm caso de inc\u00eandio em edifica\u00e7\u00f5es, a Defesa Civil \u00e9 acionada, mas isso n\u00e3o quer dizer que a estrutura foi danificada. Ela \u00e9 notificada para fazer uma avalia\u00e7\u00e3o, pois, \u00e0s vezes, o calor causa trincas e rachaduras\u201d, ponderou.<\/p>\n<p>Em nota, a Defesa Civil afirmou que n\u00e3o foram verificados riscos estruturais no local. \u201cFoi orientado ao propriet\u00e1rio do im\u00f3vel refazer a parte el\u00e9trica e hidr\u00e1ulica que foram afetadas pelo inc\u00eandio\u201d.<\/p>\n","protected":false},"excerpt":{"rendered":"<p>O quarto de um apartamento, situado na Rua Silva Jardim, na altura do bairro Santa Helena, regi\u00e3o Central, pegou fogo na madrugada dessa quarta-feira, 30. De acordo com o Corpo de Bombeiros, os militares foram acionados por volta de 00h. \u201cO apartamento \u00e9 no segundo andar do edif\u00edcio e as chamas estavam confinadas apenas neste [&hellip;]<\/p>\n","protected":false},"author":96,"featured_media":80159,"comment_status":"closed","ping_status":"closed","sticky":false,"template":"","format":"standard","meta":{"footnotes":""},"categories":[253],"tags":[],"class_list":["post-80160","post","type-post","status-publish","format-standard","has-post-thumbnail","hentry","category-cidade"],"_links":{"self":[{"href":"https:\/\/diarioregionaldigital.com.br\/index.php?rest_route=\/wp\/v2\/posts\/80160","targetHints":{"allow":["GET"]}}],"collection":[{"href":"https:\/\/diarioregionaldigital.com.br\/index.php?rest_route=\/wp\/v2\/posts"}],"about":[{"href":"https:\/\/diarioregionaldigital.com.br\/index.php?rest_route=\/wp\/v2\/types\/post"}],"author":[{"embeddable":true,"href":"https:\/\/diarioregionaldigital.com.br\/index.php?rest_route=\/wp\/v2\/users\/96"}],"replies":[{"embeddable":true,"href":"https:\/\/diarioregionaldigital.com.br\/index.php?rest_route=%2Fwp%2Fv2%2Fcomments&post=80160"}],"version-history":[{"count":0,"href":"https:\/\/diarioregionaldigital.com.br\/index.php?rest_route=\/wp\/v2\/posts\/80160\/revisions"}],"wp:featuredmedia":[{"embeddable":true,"href":"https:\/\/diarioregionaldigital.com.br\/index.php?rest_route=\/wp\/v2\/media\/80159"}],"wp:attachment":[{"href":"https:\/\/diarioregionaldigital.com.br\/index.php?rest_route=%2Fwp%2Fv2%2Fmedia&parent=80160"}],"wp:term":[{"taxonomy":"category","embeddable":true,"href":"https:\/\/diarioregionaldigital.com.br\/index.php?rest_route=%2Fwp%2Fv2%2Fcategories&post=80160"},{"taxonomy":"post_tag","embeddable":true,"href":"https:\/\/diarioregionaldigital.com.br\/index.php?rest_route=%2Fwp%2Fv2%2Ftags&post=80160"}],"curies":[{"name":"wp","href":"https:\/\/api.w.org\/{rel}","templated":true}]}}