{"id":79921,"date":"2017-08-26T00:11:53","date_gmt":"2017-08-26T03:11:53","guid":{"rendered":"http:\/\/diarioregionaljf.com.br\/2017\/08\/26\/trends-8\/"},"modified":"2017-08-26T00:11:53","modified_gmt":"2017-08-26T03:11:53","slug":"trends-8","status":"publish","type":"post","link":"https:\/\/diarioregionaldigital.com.br\/?p=79921","title":{"rendered":"Trends"},"content":{"rendered":"<p>Para as mulheres loucas por sapato, In Moda trouxe alguns modelos que v\u00e3o bombar. Para ficar de olho!<\/p>\n<p><strong>Mules<\/strong><\/p>\n<\/p>\n<p>Sucesso no inverno, esse modelo segue forte tamb\u00e9m no ver\u00e3o! Em cores mais fortes, eles s\u00e3o sucesso garantido. Invista nos modelos com salto bloco, unindo duas tend\u00eancias em uma \u00fanica pe\u00e7a!<\/p>\n<p><strong>Sling Back<\/strong><\/p>\n<p><img loading=\"lazy\" decoding=\"async\" class=\" size-full wp-image-79918\" src=\"http:\/\/diarioregionaljf.com.br\/wp-content\/uploads\/2017\/08\/diario-int-18923-2.jpg\" alt=\"Sling back\" width=\"680\" height=\"768\" srcset=\"https:\/\/diarioregionaldigital.com.br\/wp-content\/uploads\/2017\/08\/diario-int-18923-2.jpg 680w, https:\/\/diarioregionaldigital.com.br\/wp-content\/uploads\/2017\/08\/diario-int-18923-2-266x300.jpg 266w, https:\/\/diarioregionaldigital.com.br\/wp-content\/uploads\/2017\/08\/diario-int-18923-2-360x407.jpg 360w\" sizes=\"auto, (max-width: 680px) 100vw, 680px\" \/><\/p>\n<p>O modelo que fez sucesso nos desfiles l\u00e1 fora j\u00e1 se apresenta nas ruas. O sapato com tiras na parte de tr\u00e1s saiu das passarelas direto para os p\u00e9s das mais antenadas! Com ou sem salto, vale a pena ficar de olho nessa tend\u00eancia!<\/p>\n<p><strong>Knot<\/strong><\/p>\n<p><img loading=\"lazy\" decoding=\"async\" class=\" size-full wp-image-79919\" src=\"http:\/\/diarioregionaljf.com.br\/wp-content\/uploads\/2017\/08\/diario-int-18923-3.jpg\" alt=\"knot\" width=\"680\" height=\"450\" srcset=\"https:\/\/diarioregionaldigital.com.br\/wp-content\/uploads\/2017\/08\/diario-int-18923-3.jpg 680w, https:\/\/diarioregionaldigital.com.br\/wp-content\/uploads\/2017\/08\/diario-int-18923-3-300x199.jpg 300w, https:\/\/diarioregionaldigital.com.br\/wp-content\/uploads\/2017\/08\/diario-int-18923-3-360x238.jpg 360w\" sizes=\"auto, (max-width: 680px) 100vw, 680px\" \/><\/p>\n<p>Como o pr\u00f3prio nome sugere, s\u00e3o os modelos com n\u00f3. Esse truque apareceu em outras pe\u00e7as e chegou nos sapatos. N\u00e3o tenha medo de ousar e invista em modelos com n\u00f3s mais expressivos, eles t\u00eam o poder de levantar os looks mais b\u00e1sicos!<\/p>\n<p><img loading=\"lazy\" decoding=\"async\" class=\" size-full wp-image-79920\" src=\"http:\/\/diarioregionaljf.com.br\/wp-content\/uploads\/2017\/08\/diario-int-18923-4.jpg\" alt=\"knot 2\" width=\"680\" height=\"450\" srcset=\"https:\/\/diarioregionaldigital.com.br\/wp-content\/uploads\/2017\/08\/diario-int-18923-4.jpg 680w, https:\/\/diarioregionaldigital.com.br\/wp-content\/uploads\/2017\/08\/diario-int-18923-4-300x199.jpg 300w, https:\/\/diarioregionaldigital.com.br\/wp-content\/uploads\/2017\/08\/diario-int-18923-4-360x238.jpg 360w\" sizes=\"auto, (max-width: 680px) 100vw, 680px\" \/><\/p>\n","protected":false},"excerpt":{"rendered":"<p>Para as mulheres loucas por sapato, In Moda trouxe alguns modelos que v\u00e3o bombar. Para ficar de olho! Mules Sucesso no inverno, esse modelo segue forte tamb\u00e9m no ver\u00e3o! Em cores mais fortes, eles s\u00e3o sucesso garantido. Invista nos modelos com salto bloco, unindo duas tend\u00eancias em uma \u00fanica pe\u00e7a! Sling Back O modelo que [&hellip;]<\/p>\n","protected":false},"author":96,"featured_media":79917,"comment_status":"closed","ping_status":"closed","sticky":false,"template":"","format":"standard","meta":{"footnotes":""},"categories":[285],"tags":[],"class_list":["post-79921","post","type-post","status-publish","format-standard","has-post-thumbnail","hentry","category-moda-ana-paula-calixto"],"_links":{"self":[{"href":"https:\/\/diarioregionaldigital.com.br\/index.php?rest_route=\/wp\/v2\/posts\/79921","targetHints":{"allow":["GET"]}}],"collection":[{"href":"https:\/\/diarioregionaldigital.com.br\/index.php?rest_route=\/wp\/v2\/posts"}],"about":[{"href":"https:\/\/diarioregionaldigital.com.br\/index.php?rest_route=\/wp\/v2\/types\/post"}],"author":[{"embeddable":true,"href":"https:\/\/diarioregionaldigital.com.br\/index.php?rest_route=\/wp\/v2\/users\/96"}],"replies":[{"embeddable":true,"href":"https:\/\/diarioregionaldigital.com.br\/index.php?rest_route=%2Fwp%2Fv2%2Fcomments&post=79921"}],"version-history":[{"count":0,"href":"https:\/\/diarioregionaldigital.com.br\/index.php?rest_route=\/wp\/v2\/posts\/79921\/revisions"}],"wp:featuredmedia":[{"embeddable":true,"href":"https:\/\/diarioregionaldigital.com.br\/index.php?rest_route=\/wp\/v2\/media\/79917"}],"wp:attachment":[{"href":"https:\/\/diarioregionaldigital.com.br\/index.php?rest_route=%2Fwp%2Fv2%2Fmedia&parent=79921"}],"wp:term":[{"taxonomy":"category","embeddable":true,"href":"https:\/\/diarioregionaldigital.com.br\/index.php?rest_route=%2Fwp%2Fv2%2Fcategories&post=79921"},{"taxonomy":"post_tag","embeddable":true,"href":"https:\/\/diarioregionaldigital.com.br\/index.php?rest_route=%2Fwp%2Fv2%2Ftags&post=79921"}],"curies":[{"name":"wp","href":"https:\/\/api.w.org\/{rel}","templated":true}]}}