{"id":79915,"date":"2017-08-25T23:56:20","date_gmt":"2017-08-26T02:56:20","guid":{"rendered":"http:\/\/diarioregionaljf.com.br\/2017\/08\/25\/liqui-x-lancamento\/"},"modified":"2017-08-25T23:56:20","modified_gmt":"2017-08-26T02:56:20","slug":"liqui-x-lancamento","status":"publish","type":"post","link":"https:\/\/diarioregionaldigital.com.br\/?p=79915","title":{"rendered":"Liqui x Lan\u00e7amento"},"content":{"rendered":"<p>Nesta \u00e9poca do ano, na transi\u00e7\u00e3o de cole\u00e7\u00f5es, \u00e9 comum lojas estarem lado a lado com lan\u00e7amentos de primavera-ver\u00e3o e outras com promo\u00e7\u00f5es das cole\u00e7\u00f5es outono-inverno. Uma boa oportunidade para garimpar oportunidades nas liquida\u00e7\u00f5es j\u00e1 de olho nas tend\u00eancias da pr\u00f3xima esta\u00e7\u00e3o! Fique atenta \u00e0s cores, modelagem e procure comprar pe\u00e7as atemporais, que circulam por todas as esta\u00e7\u00f5es. Se for avaliar o custo-benef\u00edcio, os descontos de at\u00e9 70% oferecem uma boa oportunidade para investir em pe\u00e7as como bons casacos, vestidos e bolsas.<\/p>\n","protected":false},"excerpt":{"rendered":"<p>Nesta \u00e9poca do ano, na transi\u00e7\u00e3o de cole\u00e7\u00f5es, \u00e9 comum lojas estarem lado a lado com lan\u00e7amentos de primavera-ver\u00e3o e outras com promo\u00e7\u00f5es das cole\u00e7\u00f5es outono-inverno. Uma boa oportunidade para garimpar oportunidades nas liquida\u00e7\u00f5es j\u00e1 de olho nas tend\u00eancias da pr\u00f3xima esta\u00e7\u00e3o! Fique atenta \u00e0s cores, modelagem e procure comprar pe\u00e7as atemporais, que circulam por [&hellip;]<\/p>\n","protected":false},"author":96,"featured_media":0,"comment_status":"closed","ping_status":"closed","sticky":false,"template":"","format":"standard","meta":{"footnotes":""},"categories":[285],"tags":[],"class_list":["post-79915","post","type-post","status-publish","format-standard","hentry","category-moda-ana-paula-calixto"],"_links":{"self":[{"href":"https:\/\/diarioregionaldigital.com.br\/index.php?rest_route=\/wp\/v2\/posts\/79915","targetHints":{"allow":["GET"]}}],"collection":[{"href":"https:\/\/diarioregionaldigital.com.br\/index.php?rest_route=\/wp\/v2\/posts"}],"about":[{"href":"https:\/\/diarioregionaldigital.com.br\/index.php?rest_route=\/wp\/v2\/types\/post"}],"author":[{"embeddable":true,"href":"https:\/\/diarioregionaldigital.com.br\/index.php?rest_route=\/wp\/v2\/users\/96"}],"replies":[{"embeddable":true,"href":"https:\/\/diarioregionaldigital.com.br\/index.php?rest_route=%2Fwp%2Fv2%2Fcomments&post=79915"}],"version-history":[{"count":0,"href":"https:\/\/diarioregionaldigital.com.br\/index.php?rest_route=\/wp\/v2\/posts\/79915\/revisions"}],"wp:attachment":[{"href":"https:\/\/diarioregionaldigital.com.br\/index.php?rest_route=%2Fwp%2Fv2%2Fmedia&parent=79915"}],"wp:term":[{"taxonomy":"category","embeddable":true,"href":"https:\/\/diarioregionaldigital.com.br\/index.php?rest_route=%2Fwp%2Fv2%2Fcategories&post=79915"},{"taxonomy":"post_tag","embeddable":true,"href":"https:\/\/diarioregionaldigital.com.br\/index.php?rest_route=%2Fwp%2Fv2%2Ftags&post=79915"}],"curies":[{"name":"wp","href":"https:\/\/api.w.org\/{rel}","templated":true}]}}