{"id":79914,"date":"2017-08-25T23:54:28","date_gmt":"2017-08-26T02:54:28","guid":{"rendered":"http:\/\/diarioregionaljf.com.br\/2017\/08\/25\/radar-jf-21\/"},"modified":"2017-08-25T23:54:28","modified_gmt":"2017-08-26T02:54:28","slug":"radar-jf-21","status":"publish","type":"post","link":"https:\/\/diarioregionaldigital.com.br\/?p=79914","title":{"rendered":"RADAR JF"},"content":{"rendered":"<p><strong>MISS BRASIL GAY<\/strong><\/p>\n<\/p>\n<p>Numa festa linda, a representante de Minas Gerais, Guiga Barbieri, foi eleita a Miss Brasil Gay 2017. Super parab\u00e9ns aos organizadores Andr\u00e9 Pavam, Marcelo Carmo e ao impec\u00e1vel trabalho de Aline Firjam e sua equipe da F.Works. Juiz de Fora agradece!<\/p>\n<p><strong>MOHDAA2<\/strong><\/p>\n<p><img loading=\"lazy\" decoding=\"async\" class=\" size-full wp-image-79913\" src=\"http:\/\/diarioregionaljf.com.br\/wp-content\/uploads\/2017\/08\/diario-int-18920-2.jpg\" alt=\"mohdaa2 site\" width=\"680\" height=\"769\" srcset=\"https:\/\/diarioregionaldigital.com.br\/wp-content\/uploads\/2017\/08\/diario-int-18920-2.jpg 680w, https:\/\/diarioregionaldigital.com.br\/wp-content\/uploads\/2017\/08\/diario-int-18920-2-265x300.jpg 265w, https:\/\/diarioregionaldigital.com.br\/wp-content\/uploads\/2017\/08\/diario-int-18920-2-360x407.jpg 360w\" sizes=\"auto, (max-width: 680px) 100vw, 680px\" \/><\/p>\n<p>Est\u00e3o abertas as inscri\u00e7\u00f5es para o curso de capacita\u00e7\u00e3o em moda ministrado por Aline Firjam e Ana Paula Calixto. <br \/>S\u00e3o oito semanas de conte\u00fado de moda dividido em dois m\u00f3dulos, para quem atua profissionalmente na \u00e1rea ou simplesmente \u00e9 apaixonado por moda. Oportunidade \u00fanica de atualizar-se, reciclar-se e aperfei\u00e7oar-se.<\/p>\n<p><strong>Acess\u00f3rios<\/strong><\/p>\n<p>Priscilla Stiebler fazendo sucesso com sua cole\u00e7\u00e3o de bijous inspiradas na Cartier. Os brincos de resina em formato de flores est\u00e3o um deslumbre!<\/p>\n<p><strong>Lan\u00e7amento<\/strong><\/p>\n<p>Roberta Salles lan\u00e7ou a cole\u00e7\u00e3o primavera-ver\u00e3o da sua Flow. Op\u00e7\u00f5es incr\u00edveis para vestidos de festa e moda casual feminina.<\/p>\n","protected":false},"excerpt":{"rendered":"<p>MISS BRASIL GAY Numa festa linda, a representante de Minas Gerais, Guiga Barbieri, foi eleita a Miss Brasil Gay 2017. Super parab\u00e9ns aos organizadores Andr\u00e9 Pavam, Marcelo Carmo e ao impec\u00e1vel trabalho de Aline Firjam e sua equipe da F.Works. Juiz de Fora agradece! MOHDAA2 Est\u00e3o abertas as inscri\u00e7\u00f5es para o curso de capacita\u00e7\u00e3o em [&hellip;]<\/p>\n","protected":false},"author":96,"featured_media":79912,"comment_status":"closed","ping_status":"closed","sticky":false,"template":"","format":"standard","meta":{"footnotes":""},"categories":[285],"tags":[],"class_list":["post-79914","post","type-post","status-publish","format-standard","has-post-thumbnail","hentry","category-moda-ana-paula-calixto"],"_links":{"self":[{"href":"https:\/\/diarioregionaldigital.com.br\/index.php?rest_route=\/wp\/v2\/posts\/79914","targetHints":{"allow":["GET"]}}],"collection":[{"href":"https:\/\/diarioregionaldigital.com.br\/index.php?rest_route=\/wp\/v2\/posts"}],"about":[{"href":"https:\/\/diarioregionaldigital.com.br\/index.php?rest_route=\/wp\/v2\/types\/post"}],"author":[{"embeddable":true,"href":"https:\/\/diarioregionaldigital.com.br\/index.php?rest_route=\/wp\/v2\/users\/96"}],"replies":[{"embeddable":true,"href":"https:\/\/diarioregionaldigital.com.br\/index.php?rest_route=%2Fwp%2Fv2%2Fcomments&post=79914"}],"version-history":[{"count":0,"href":"https:\/\/diarioregionaldigital.com.br\/index.php?rest_route=\/wp\/v2\/posts\/79914\/revisions"}],"wp:featuredmedia":[{"embeddable":true,"href":"https:\/\/diarioregionaldigital.com.br\/index.php?rest_route=\/wp\/v2\/media\/79912"}],"wp:attachment":[{"href":"https:\/\/diarioregionaldigital.com.br\/index.php?rest_route=%2Fwp%2Fv2%2Fmedia&parent=79914"}],"wp:term":[{"taxonomy":"category","embeddable":true,"href":"https:\/\/diarioregionaldigital.com.br\/index.php?rest_route=%2Fwp%2Fv2%2Fcategories&post=79914"},{"taxonomy":"post_tag","embeddable":true,"href":"https:\/\/diarioregionaldigital.com.br\/index.php?rest_route=%2Fwp%2Fv2%2Ftags&post=79914"}],"curies":[{"name":"wp","href":"https:\/\/api.w.org\/{rel}","templated":true}]}}