{"id":79907,"date":"2017-08-25T23:24:25","date_gmt":"2017-08-26T02:24:25","guid":{"rendered":"http:\/\/diarioregionaljf.com.br\/2017\/08\/25\/diversas-pessoas-sofrem-com-doencas-inflamatorias-intestinais\/"},"modified":"2017-08-25T23:24:25","modified_gmt":"2017-08-26T02:24:25","slug":"diversas-pessoas-sofrem-com-doencas-inflamatorias-intestinais","status":"publish","type":"post","link":"https:\/\/diarioregionaldigital.com.br\/?p=79907","title":{"rendered":"Diversas pessoas sofrem com doen\u00e7as inflamat\u00f3rias intestinais"},"content":{"rendered":"<p>Milh\u00f5es de pessoas em todo o mundo convivem com doen\u00e7as inflamat\u00f3rias intestinais (DII). Diarr\u00e9ia, dores abdominais e articulares, al\u00e9m de les\u00f5es na pele, s\u00e3o os principais sintomas dos dist\u00farbios que, segundo os especialistas, podem estar relacionados \u00e0 predisposi\u00e7\u00e3o gen\u00e9tica e ao estilo de vida do paciente. \u201cS\u00e3o doen\u00e7as que ainda n\u00e3o tem uma causa totalmente estabelecida. Acredita-se que a vida corrida e uma alimenta\u00e7\u00e3o n\u00e3o saud\u00e1vel s\u00e3o os fatores respons\u00e1veis pelo aparecimento das patologias. \u00c9 como se o organismo tivesse uma rea\u00e7\u00e3o a ele mesmo. Elas podem atingir a jovens e pessoas com idade mais avan\u00e7ada\u201d, explica o coloproctologista, Jo\u00e3o Baptista de Paula Fraga.<\/p>\n<p>Ainda pouco conhecidas, a doen\u00e7a de Crohn, que afeta o sistema digestivo e outros locais como a pele, olhos e articula\u00e7\u00f5es, e a retocolite ulcerativa, que ataca o intestino grosso, s\u00e3o as patologias mais comuns. Embora n\u00e3o exista um estudo epidemiol\u00f3gico no pa\u00eds, que mede a quantidade de casos, os dist\u00farbios v\u00eam aumento, segundo Fraga. \u201cExistem pesquisas no sentido de identificar esses grupos de paciente e temos observado que esses casos est\u00e3o crescendo, talvez, em fun\u00e7\u00e3o da melhora no diagn\u00f3stico\u201d, ressalta.<\/p>\n<p>Para discutir, com outros especialistas, novidades e aspectos pouco conhecidos da doen\u00e7a de Crohn, Fraga e outros especialistas organizaram, na noite de sexta-feira, 25, na sede do Santalmas, no Bairro Cascatinha, zona Sul, o simp\u00f3sio Manejo Cir\u00fargico da Doen\u00e7a de Crohn. Entre os assuntos abordados est\u00e1 a forma de preven\u00e7\u00e3o que, de acordo com o m\u00e9dico, n\u00e3o existe. \u201cPor se tratar de uma doen\u00e7a oriunda de fatores gen\u00e9ticos e ambientais, n\u00e3o existe a preven\u00e7\u00e3o. O que temos \u00e9 o tratamento, a base de comprimidos, medicamentos injet\u00e1veis e, em alguns casos, a cirurgia\u201d, esclarece. \u201c\u00c9 importante destacar que, no passado, n\u00e3o existia um tratamento eficaz para essas doen\u00e7as e hoje temos. Na percep\u00e7\u00e3o dos sintomas \u00e9 preciso procurar um m\u00e9dico para ser avaliado, realizar os exames e iniciar o tratamento, para evitar futuras complica\u00e7\u00f5es\u201d, finaliza o m\u00e9dico.<\/p>\n","protected":false},"excerpt":{"rendered":"<p>Milh\u00f5es de pessoas em todo o mundo convivem com doen\u00e7as inflamat\u00f3rias intestinais (DII). Diarr\u00e9ia, dores abdominais e articulares, al\u00e9m de les\u00f5es na pele, s\u00e3o os principais sintomas dos dist\u00farbios que, segundo os especialistas, podem estar relacionados \u00e0 predisposi\u00e7\u00e3o gen\u00e9tica e ao estilo de vida do paciente. \u201cS\u00e3o doen\u00e7as que ainda n\u00e3o tem uma causa totalmente [&hellip;]<\/p>\n","protected":false},"author":96,"featured_media":79906,"comment_status":"closed","ping_status":"closed","sticky":false,"template":"","format":"standard","meta":{"footnotes":""},"categories":[253],"tags":[],"class_list":["post-79907","post","type-post","status-publish","format-standard","has-post-thumbnail","hentry","category-cidade"],"_links":{"self":[{"href":"https:\/\/diarioregionaldigital.com.br\/index.php?rest_route=\/wp\/v2\/posts\/79907","targetHints":{"allow":["GET"]}}],"collection":[{"href":"https:\/\/diarioregionaldigital.com.br\/index.php?rest_route=\/wp\/v2\/posts"}],"about":[{"href":"https:\/\/diarioregionaldigital.com.br\/index.php?rest_route=\/wp\/v2\/types\/post"}],"author":[{"embeddable":true,"href":"https:\/\/diarioregionaldigital.com.br\/index.php?rest_route=\/wp\/v2\/users\/96"}],"replies":[{"embeddable":true,"href":"https:\/\/diarioregionaldigital.com.br\/index.php?rest_route=%2Fwp%2Fv2%2Fcomments&post=79907"}],"version-history":[{"count":0,"href":"https:\/\/diarioregionaldigital.com.br\/index.php?rest_route=\/wp\/v2\/posts\/79907\/revisions"}],"wp:featuredmedia":[{"embeddable":true,"href":"https:\/\/diarioregionaldigital.com.br\/index.php?rest_route=\/wp\/v2\/media\/79906"}],"wp:attachment":[{"href":"https:\/\/diarioregionaldigital.com.br\/index.php?rest_route=%2Fwp%2Fv2%2Fmedia&parent=79907"}],"wp:term":[{"taxonomy":"category","embeddable":true,"href":"https:\/\/diarioregionaldigital.com.br\/index.php?rest_route=%2Fwp%2Fv2%2Fcategories&post=79907"},{"taxonomy":"post_tag","embeddable":true,"href":"https:\/\/diarioregionaldigital.com.br\/index.php?rest_route=%2Fwp%2Fv2%2Ftags&post=79907"}],"curies":[{"name":"wp","href":"https:\/\/api.w.org\/{rel}","templated":true}]}}