{"id":79904,"date":"2017-08-25T23:18:37","date_gmt":"2017-08-26T02:18:37","guid":{"rendered":"http:\/\/diarioregionaljf.com.br\/2017\/08\/25\/catedral-metropolitana-promove-terceira-edicao-do-exalt-art-neste-domingo\/"},"modified":"2017-08-25T23:18:37","modified_gmt":"2017-08-26T02:18:37","slug":"catedral-metropolitana-promove-terceira-edicao-do-exalt-art-neste-domingo","status":"publish","type":"post","link":"https:\/\/diarioregionaldigital.com.br\/?p=79904","title":{"rendered":"Catedral Metropolitana promove terceira edi\u00e7\u00e3o do \u201cExalt\u2019Art\u201d neste domingo"},"content":{"rendered":"<p>Pelo terceiro ano consecutivo, a comunidade Exaltai, da Catedral Metropolitana de Juiz de Fora, realizar\u00e1 o Exalt\u2019Art, o \u201cExulta\u201d neste domingo, 27. Por\u00e9m, a edi\u00e7\u00e3o deste ano ser\u00e1 especial, garante Elis\u00e2ngela Lopes, coordenadora do evento. \u201cEm 2015 e 2016 n\u00f3s realizamos um espet\u00e1culo com dan\u00e7a, teatro e m\u00fasica, que durava de tr\u00eas a quatro horas. Este ano, o formato \u00e9 de encontros, nos quais teremos adora\u00e7\u00e3o ao sant\u00edssimo, prega\u00e7\u00e3o da palavra e missa. No entanto, as apresenta\u00e7\u00f5es art\u00edsticas, desta vez, ser\u00e3o intercaladas com o ter\u00e7o\u201d, conta Elis\u00e2ngela. O evento acontece a partir de 8h30, no Instituto Padre Jo\u00e3o Em\u00edlio, localizado na Avenida Bar\u00e3o do Rio Branco, n\u00b03890, Centro.<\/p>\n<p>O ter\u00e7o, ou ros\u00e1rio, \u00e9 dividido em tr\u00eas partes, sendo que cada uma delas compreende um conjunto especial de cinco mist\u00e9rios, intitulados: gozosos, dolorosos e gloriosos. De acordo com a doutrina da Igreja, o ros\u00e1rio relembra passagens da vida de Jesus Cristo e sua m\u00e3e, a Virgem Maria. \u201cA cada mist\u00e9rio acontecer\u00e1 uma apresenta\u00e7\u00e3o art\u00edstica, que auxiliar\u00e1 no entendimento das hist\u00f3rias narradas\u201d, complementa a coordenadora do evento, destacando que o encontro tem a din\u00e2mica de retratar a casa da M\u00e3e Maria e refor\u00e7ar a viv\u00eancia da f\u00e9 mariana.<\/p>\n<p>Cerca de 230 volunt\u00e1rios de diversas comunidades e par\u00f3quias da Arquidiocese de Juiz de Fora est\u00e3o envolvidos na organiza\u00e7\u00e3o do evento. A expectativa \u00e9 que cerca de 600 pessoas passem pelo Instituto Jo\u00e3o Em\u00edlio no domingo. E as crian\u00e7as tamb\u00e9m poder\u00e3o participar. No \u201cCantinho da Crian\u00e7a\u201d haver\u00e1 uma equipe respons\u00e1vel por cuidar dos pequenos.<\/p>\n<p>A missa de encerramento do Exulta est\u00e1 marcada para 17h30. No dia do encontro haver\u00e1 funcionamento de lanchonete e ser\u00e1 vendido almo\u00e7o no valor de R$10. A entrada ser\u00e1 gratuita.<\/p>\n<h4>PROGRAMA\u00c7\u00c3O<\/h4>\n<p>8h | Acolhida<br \/>8h30 | Anima\u00e7\u00e3o \/ Dan\u00e7a de abertura \/ Adora\u00e7\u00e3o ao Sant\u00edssimo<br \/>10h30 | Intervalo: Apresenta\u00e7\u00e3o de dan\u00e7a \/ Atendimento na capela (intercess\u00e3o)<br \/>11h | Prega\u00e7\u00e3o da palavra<br \/>11h30 | Almo\u00e7o da intercess\u00e3o<br \/>12h30 | Almo\u00e7o \/ Grupo de ora\u00e7\u00e3o (Capela) \/ Apresenta\u00e7\u00e3o \u2013 Art &amp; Louvor<br \/>14h | Anima\u00e7\u00e3o<br \/>14h30 | Ter\u00e7o com arte<br \/>16h30 | Intervalo: Apresenta\u00e7\u00e3o de dan\u00e7a<br \/>17h15 | Anima\u00e7\u00e3o<br \/>17h30 | Santa Missa de encerramento<\/p>\n","protected":false},"excerpt":{"rendered":"<p>Pelo terceiro ano consecutivo, a comunidade Exaltai, da Catedral Metropolitana de Juiz de Fora, realizar\u00e1 o Exalt\u2019Art, o \u201cExulta\u201d neste domingo, 27. Por\u00e9m, a edi\u00e7\u00e3o deste ano ser\u00e1 especial, garante Elis\u00e2ngela Lopes, coordenadora do evento. \u201cEm 2015 e 2016 n\u00f3s realizamos um espet\u00e1culo com dan\u00e7a, teatro e m\u00fasica, que durava de tr\u00eas a quatro horas. [&hellip;]<\/p>\n","protected":false},"author":96,"featured_media":79903,"comment_status":"closed","ping_status":"closed","sticky":false,"template":"","format":"standard","meta":{"footnotes":""},"categories":[253],"tags":[],"class_list":["post-79904","post","type-post","status-publish","format-standard","has-post-thumbnail","hentry","category-cidade"],"_links":{"self":[{"href":"https:\/\/diarioregionaldigital.com.br\/index.php?rest_route=\/wp\/v2\/posts\/79904","targetHints":{"allow":["GET"]}}],"collection":[{"href":"https:\/\/diarioregionaldigital.com.br\/index.php?rest_route=\/wp\/v2\/posts"}],"about":[{"href":"https:\/\/diarioregionaldigital.com.br\/index.php?rest_route=\/wp\/v2\/types\/post"}],"author":[{"embeddable":true,"href":"https:\/\/diarioregionaldigital.com.br\/index.php?rest_route=\/wp\/v2\/users\/96"}],"replies":[{"embeddable":true,"href":"https:\/\/diarioregionaldigital.com.br\/index.php?rest_route=%2Fwp%2Fv2%2Fcomments&post=79904"}],"version-history":[{"count":0,"href":"https:\/\/diarioregionaldigital.com.br\/index.php?rest_route=\/wp\/v2\/posts\/79904\/revisions"}],"wp:featuredmedia":[{"embeddable":true,"href":"https:\/\/diarioregionaldigital.com.br\/index.php?rest_route=\/wp\/v2\/media\/79903"}],"wp:attachment":[{"href":"https:\/\/diarioregionaldigital.com.br\/index.php?rest_route=%2Fwp%2Fv2%2Fmedia&parent=79904"}],"wp:term":[{"taxonomy":"category","embeddable":true,"href":"https:\/\/diarioregionaldigital.com.br\/index.php?rest_route=%2Fwp%2Fv2%2Fcategories&post=79904"},{"taxonomy":"post_tag","embeddable":true,"href":"https:\/\/diarioregionaldigital.com.br\/index.php?rest_route=%2Fwp%2Fv2%2Ftags&post=79904"}],"curies":[{"name":"wp","href":"https:\/\/api.w.org\/{rel}","templated":true}]}}