{"id":79902,"date":"2017-08-25T23:11:50","date_gmt":"2017-08-26T02:11:50","guid":{"rendered":"http:\/\/diarioregionaljf.com.br\/2017\/08\/25\/motorista-que-matou-casal-atropelado-em-2016-pode-ir-a-juri-popular\/"},"modified":"2017-08-25T23:11:50","modified_gmt":"2017-08-26T02:11:50","slug":"motorista-que-matou-casal-atropelado-em-2016-pode-ir-a-juri-popular","status":"publish","type":"post","link":"https:\/\/diarioregionaldigital.com.br\/?p=79902","title":{"rendered":"Motorista que matou casal atropelado em 2016 pode ir a j\u00fari popular"},"content":{"rendered":"<p>O homem acusado de atropelar o casal Vanessa Venazoni, 33 anos, e Eduardo Vieira, 31 anos, na madrugada do dia 14 de maio de 2016, na Avenida Brasil, na altura do bairro Po\u00e7o Rico, zona Sudeste, pode ser levado a j\u00fari popular. A decis\u00e3o foi anunciada pelo juiz presidente do Tribunal do J\u00fari, Paulo Trist\u00e3o.<\/p>\n<p>A pris\u00e3o preventiva do suspeito foi realizada pela Pol\u00edcia Civil (PC) 16 dias ap\u00f3s o fato. Entretanto, h\u00e1 cerca de duas semanas, o Tribunal de Justi\u00e7a de Minas Gerais (TJMG) concedeu o habeas corpus para o acusado. A defesa tamb\u00e9m tenta, junto ao Tribunal, provimento do recurso que objetiva mudar a caracteriza\u00e7\u00e3o do crime de doloso para culposo, derrubando, portanto, a tese de dolo eventual apresentada na acusa\u00e7\u00e3o do Minist\u00e9rio P\u00fablico (MP). Caso o pedido da defesa seja negado, e o j\u00fari popular seja mantido, o condutor poder\u00e1 permanecer em liberdade at\u00e9 o julgamento.<\/p>\n<p>A pris\u00e3o, na \u00e9poca, foi corroborada pela per\u00edcia realizada pela PC, que concluiu o caso como homic\u00eddio doloso n\u00e3o s\u00f3 pela alta velocidade na qual ele conduzia o ve\u00edculo, mas tamb\u00e9m pelo conjunto probat\u00f3rio reunido, que demonstra o uso de bebida alco\u00f3lica, embora o autor tenha negado. \u201cA per\u00edcia encontrou latas de cerveja dentro do carro e constatou que o condutor trafegava na contram\u00e3o. Com o impacto da batida, a mulher foi arremessada a v\u00e1rios metros de dist\u00e2ncia, sendo encontrada dois dias depois dentro do Rio Paraibuna\u201d, relembra Trist\u00e3o. J\u00e1 o homem foi arremessado a cerca de seis metros.<\/p>\n<p>Diante das circunst\u00e2ncias, o Minist\u00e9rio P\u00fablico (MP) apresentou den\u00fancia de homic\u00eddio com dolo eventual, quando se assume o risco de matar. \u201cO Tribunal do J\u00fari ir\u00e1 definir, agora, se o crime foi realmente doloso. Por\u00e9m, a defesa recorreu da decis\u00e3o no TJMG. Tr\u00eas desembargadores ir\u00e3o reapreciar a den\u00fancia. Caso eles considerem a exist\u00eancia de dolo, competir\u00e1 ao j\u00fari popular dar uma decis\u00e3o. Havendo o entendimento de que foi homic\u00eddio culposo, o processo ser\u00e1 redirecionado para uma das varas criminais comuns\u201d, explica o juiz.<\/p>\n","protected":false},"excerpt":{"rendered":"<p>O homem acusado de atropelar o casal Vanessa Venazoni, 33 anos, e Eduardo Vieira, 31 anos, na madrugada do dia 14 de maio de 2016, na Avenida Brasil, na altura do bairro Po\u00e7o Rico, zona Sudeste, pode ser levado a j\u00fari popular. A decis\u00e3o foi anunciada pelo juiz presidente do Tribunal do J\u00fari, Paulo Trist\u00e3o. [&hellip;]<\/p>\n","protected":false},"author":96,"featured_media":79901,"comment_status":"closed","ping_status":"closed","sticky":false,"template":"","format":"standard","meta":{"footnotes":""},"categories":[253],"tags":[],"class_list":["post-79902","post","type-post","status-publish","format-standard","has-post-thumbnail","hentry","category-cidade"],"_links":{"self":[{"href":"https:\/\/diarioregionaldigital.com.br\/index.php?rest_route=\/wp\/v2\/posts\/79902","targetHints":{"allow":["GET"]}}],"collection":[{"href":"https:\/\/diarioregionaldigital.com.br\/index.php?rest_route=\/wp\/v2\/posts"}],"about":[{"href":"https:\/\/diarioregionaldigital.com.br\/index.php?rest_route=\/wp\/v2\/types\/post"}],"author":[{"embeddable":true,"href":"https:\/\/diarioregionaldigital.com.br\/index.php?rest_route=\/wp\/v2\/users\/96"}],"replies":[{"embeddable":true,"href":"https:\/\/diarioregionaldigital.com.br\/index.php?rest_route=%2Fwp%2Fv2%2Fcomments&post=79902"}],"version-history":[{"count":0,"href":"https:\/\/diarioregionaldigital.com.br\/index.php?rest_route=\/wp\/v2\/posts\/79902\/revisions"}],"wp:featuredmedia":[{"embeddable":true,"href":"https:\/\/diarioregionaldigital.com.br\/index.php?rest_route=\/wp\/v2\/media\/79901"}],"wp:attachment":[{"href":"https:\/\/diarioregionaldigital.com.br\/index.php?rest_route=%2Fwp%2Fv2%2Fmedia&parent=79902"}],"wp:term":[{"taxonomy":"category","embeddable":true,"href":"https:\/\/diarioregionaldigital.com.br\/index.php?rest_route=%2Fwp%2Fv2%2Fcategories&post=79902"},{"taxonomy":"post_tag","embeddable":true,"href":"https:\/\/diarioregionaldigital.com.br\/index.php?rest_route=%2Fwp%2Fv2%2Ftags&post=79902"}],"curies":[{"name":"wp","href":"https:\/\/api.w.org\/{rel}","templated":true}]}}