{"id":79900,"date":"2017-08-25T22:40:57","date_gmt":"2017-08-26T01:40:57","guid":{"rendered":"http:\/\/diarioregionaljf.com.br\/2017\/08\/25\/mitologia-vista-como-historia-presente-na-alma-do-povo\/"},"modified":"2018-04-16T08:09:56","modified_gmt":"2018-04-16T11:09:56","slug":"mitologia-vista-como-historia-presente-na-alma-do-povo","status":"publish","type":"post","link":"https:\/\/diarioregionaldigital.com.br\/?p=79900","title":{"rendered":"Mitologia, Vista Como Hist\u00f3ria Presente Na Alma Do Povo"},"content":{"rendered":"<p style=\"text-align: center;\">O Sr. Nobara Sekiguchi, doutor em estudos humanos, \u00e9 um japon\u00eas residente nos Estados Unidos; ele \u00e9 um grande patriota. No jornal Chugai Nippo dos dias 8 a 10 de julho de 1953, ele publicou veementes e justos protestos contra alguns historiadores japoneses, criticando-os de &#8220;indiv\u00edduos que abandonam o orgulho da pr\u00f3pria origem&#8221;. Isto porque o prof. Kizaburo Ichimura, da Universidade Toyo, e v\u00e1rios dos modernos autores da Hist\u00f3ria do Jap\u00e3o, aceitando e aproveitando a tend\u00eancia da \u00e9poca, consideram meras fic\u00e7\u00f5es os epis\u00f3dios registrados no Kojiki (Mitologia do Jap\u00e3o) e no Nihon Shoki (Cr\u00f4nicas do Jap\u00e3o) e, com base na hist\u00f3ria escrita pelos chineses, concluem que &#8220;O pa\u00eds de Yamato (Jap\u00e3o) foi, antigamente, dom\u00ednio de na\u00e7\u00f5es estrangeiras&#8221;. Citarei, a seguir, trechos dos protestos do sr. Sekiguchi: &#8220;Suponhamos que os jornais Asahi e Hochi noticiem de formas diferentes um mesmo acontecimento. Nesse caso, qual das duas not\u00edcias o sr. Ichimura considerar\u00e1 correta?&#8221; &#8220;Como pode ser considerada postura correta de um historiador buscar a origem da Hist\u00f3ria do Jap\u00e3o nos registros de um pa\u00eds estrangeiro e confiar inteiramente nos dados constantes neles?&#8221;. Tecendo cr\u00edticas veementes como essa, o sr. Sekiguchi defende o seguinte: O ideal, no \u00e2mbito da Hist\u00f3ria, n\u00e3o \u00e9 algo que se projeta apenas para o futuro, sendo correto tamb\u00e9m mostr\u00e1-lo nos fatos do passado. O que existe de verdade n\u00e3o s\u00e3o fatos fenom\u00eanicos, mas sim fatos espirituais que est\u00e3o por tr\u00e1s. E a mitologia, por representar fatos espirituais que est\u00e3o por tr\u00e1s dos fatos fenom\u00eanicos, cont\u00e9m a Verdade. O sr. Sekiguchi diz: &#8220;A hist\u00f3ria humana, do ponto de vista religioso, \u00e9 uma corrente da Vida que se origina de Deus e que a Ele retoma; portanto, podemos &#8216;posicionar&#8217; o ideal humano no curso passado da hist\u00f3ria. Vis\u00e3o mitol\u00f3gica consiste em ver &#8216;posicionado&#8217; para tr\u00e1s o que se costuma &#8216;posicionar&#8217; mais adiante. Assim, do ponto de vista da ci\u00eancia material, a mitologia pode ser considerada mera fic\u00e7\u00e3o, mas do ponto de vista da ci\u00eancia espiritual expressa a Verdade. Por isso, aceito com toda a sinceridade o fato de a Hist\u00f3ria do Jap\u00e3o ter-se originado da mitologia. Todos temos pais, av\u00f3s, antepassados; a mitologia do Jap\u00e3o vem sendo transmitida ao povo, de gera\u00e7\u00e3o para gera\u00e7\u00e3o, no longo fluxo da Vida, cultivando em n\u00f3s o grandioso ideal moral. Portanto, a mitologia est\u00e1 em nosso sangue, faz parte de nossa Vida, incute-nos grandes ideais. O povo japon\u00eas \u00e9 vivificado pelo ensinamento da ci\u00eancia espiritual que diz que &#8216;o ser humano \u00e9 descendente de Deus&#8217;, e n\u00e3o pela ci\u00eancia material que afirma que &#8216;o ser humano evoluiu a partir do primata&#8217;. Somente com base nessa f\u00e9 a Hist\u00f3ria do Jap\u00e3o continuar\u00e1 a se desenvolver&#8221;.<br \/>Concordo com a opini\u00e3o do sr. Nobara Sekiguchi. <br \/>O ideal do povo contido na mitologia constitui o ideal da na\u00e7\u00e3o; \u00e9 a for\u00e7a motriz que brota do interior das pessoas e que determina o futuro do Jap\u00e3o. \u00c9 animador saber que existe nos Estados Unidos um japon\u00eas que defende tal ideia. Qu\u00e3o diferente \u00e9 dos japoneses que, vivendo no pr\u00f3prio pa\u00eds, usa os registros de um pa\u00eds estrangeiro para aniquilar a Hist\u00f3ria do Jap\u00e3o e ainda se orgulham disso! Ser\u00e1 que eles n\u00e3o se envergonham dessa conduta?<\/p>\n","protected":false},"excerpt":{"rendered":"<p>O Sr. Nobara Sekiguchi, doutor em estudos humanos, \u00e9 um japon\u00eas residente nos Estados Unidos; ele \u00e9 um grande patriota. No jornal Chugai Nippo dos dias 8 a 10 de julho de 1953, ele publicou veementes e justos protestos contra alguns historiadores japoneses, criticando-os de &#8220;indiv\u00edduos que abandonam o orgulho da pr\u00f3pria origem&#8221;. Isto porque [&hellip;]<\/p>\n","protected":false},"author":96,"featured_media":0,"comment_status":"closed","ping_status":"closed","sticky":false,"template":"","format":"standard","meta":{"footnotes":""},"categories":[263],"tags":[],"class_list":["post-79900","post","type-post","status-publish","format-standard","hentry","category-jane-aragao"],"_links":{"self":[{"href":"https:\/\/diarioregionaldigital.com.br\/index.php?rest_route=\/wp\/v2\/posts\/79900","targetHints":{"allow":["GET"]}}],"collection":[{"href":"https:\/\/diarioregionaldigital.com.br\/index.php?rest_route=\/wp\/v2\/posts"}],"about":[{"href":"https:\/\/diarioregionaldigital.com.br\/index.php?rest_route=\/wp\/v2\/types\/post"}],"author":[{"embeddable":true,"href":"https:\/\/diarioregionaldigital.com.br\/index.php?rest_route=\/wp\/v2\/users\/96"}],"replies":[{"embeddable":true,"href":"https:\/\/diarioregionaldigital.com.br\/index.php?rest_route=%2Fwp%2Fv2%2Fcomments&post=79900"}],"version-history":[{"count":0,"href":"https:\/\/diarioregionaldigital.com.br\/index.php?rest_route=\/wp\/v2\/posts\/79900\/revisions"}],"wp:attachment":[{"href":"https:\/\/diarioregionaldigital.com.br\/index.php?rest_route=%2Fwp%2Fv2%2Fmedia&parent=79900"}],"wp:term":[{"taxonomy":"category","embeddable":true,"href":"https:\/\/diarioregionaldigital.com.br\/index.php?rest_route=%2Fwp%2Fv2%2Fcategories&post=79900"},{"taxonomy":"post_tag","embeddable":true,"href":"https:\/\/diarioregionaldigital.com.br\/index.php?rest_route=%2Fwp%2Fv2%2Ftags&post=79900"}],"curies":[{"name":"wp","href":"https:\/\/api.w.org\/{rel}","templated":true}]}}