{"id":79899,"date":"2017-08-25T22:39:14","date_gmt":"2017-08-26T01:39:14","guid":{"rendered":"http:\/\/diarioregionaljf.com.br\/2017\/08\/25\/nas-alterosas-5\/"},"modified":"2017-08-25T22:39:14","modified_gmt":"2017-08-26T01:39:14","slug":"nas-alterosas-5","status":"publish","type":"post","link":"https:\/\/diarioregionaldigital.com.br\/?p=79899","title":{"rendered":"Nas Alterosas"},"content":{"rendered":"<p style=\"text-align: center;\"><span class=\"h4\">Nas Alterosas<\/span><br \/>Trazendo novidades de Belo Horizonte, a comandante da Guarda Municipal, Emilce de Castro, participou ativamente de uma reuni\u00e3o das GMs com o secret\u00e1rio de Estado de Defesa Social, S\u00e9rgio Barbosa. Na pauta, a seguran\u00e7a nas cidades de Minas Gerais.<\/p>\n<p style=\"text-align: center;\"><span class=\"h4\">L\u00e1 Longe<\/span><br \/>Termina hoje, em Belo Horizonte, a Confer\u00eancia Internacional de Sociodrama. De Juiz de Fora, est\u00e3o l\u00e1 os representantes do Instituto Brasileiro de Psicodrama, Ana Paula Decnop Corr\u00eaa e Maria Ad\u00e9lia Bicalho de Almeida.<\/p>\n<p style=\"text-align: center;\"><span class=\"h4\">Exposi\u00e7\u00e3o<\/span><br \/>Ber\u00e7o da cultura no cora\u00e7\u00e3o de Juiz de Fora, o Espa\u00e7o Cultural Correios (Rua Marechal Deodoro 470), est\u00e1 expondo o tema \u201cO Segundo Original\u201d. A artista-pl\u00e1stica e figurinista Venina Sparano, mostra o tratamento do conceito de \u201csegundo original\u201d provocando reflex\u00e3o sobre o remix e mostrando influ\u00eancias sobre o p\u00f3s-impressionismo.<\/p>\n<p style=\"text-align: center;\"><span class=\"h4\">Reflex\u00e3o<\/span><br \/>Est\u00e1 causando sensa\u00e7\u00e3o sempre renovada o blog da m\u00e9dica-psiquiatra Elimar Jacob Salzer Rodrigues. Em seu \u2018post\u2019 desta semana ela evidenciou clareza ao abordar a s\u00edndrome das pernas inquietas. Em suas linhas ela fala que \u201co dist\u00farbio pode ter in\u00edcio em qualquer idade, incluindo a inf\u00e2ncia, ser progressivo ou desaparecer.<\/p>\n<p style=\"text-align: center;\"><span class=\"h4\">Solidariedade<\/span><br \/>Com o tempo frio em Juiz de Fora, o Projeto Bem Comum fez bonito. Durante a semana que passou entregou quatro mil pares de meias a 15 institui\u00e7\u00f5es. Toda a mercadoria \u00e9 fruto de apreens\u00f5es feitas pela fiscaliza\u00e7\u00e3o junto a ambulantes sem autoriza\u00e7\u00e3o para comercializar os produtos.<\/p>\n<p style=\"text-align: center;\"><span class=\"h4\">Dica<\/span><br \/>Para almo\u00e7o de domingo recomendo o Frango Atropelado assado na brasa com acompanhamento. \u00c9 delicioso e serve 2 pessoas. O endere\u00e7o \u00e9 Rua S\u00e3o Mateus, n\u00ba 1140, com fones: 3232-4314, 98827-6104 e 98899-1027.<\/p>\n<p style=\"text-align: center;\"><span class=\"h3\">Social<\/span><br \/>Bonita e elegante, a m\u00e9dica dermatologista Marcella Nascimento reuniu familiares e amigos para inaugurar seu consult\u00f3rio no Centro M\u00e9dico Monte Sinai \u2013 Leste. O espa\u00e7o, muito bem montado pelo arquiteto S\u00edlvio Silva, vai atender a Cl\u00ednica Optimize com dermatologia, est\u00e9tica e bem-estar. O break fast foi assinado pelo Paola Buffet. As fotos registram.<\/p>\n<p style=\"text-align: center;\"><img decoding=\"async\" class=\" size-full wp-image-79888\" src=\"http:\/\/diarioregionaljf.com.br\/wp-content\/uploads\/2017\/08\/diario-int-18912-1.jpg\" alt=\"FOTOA.jpg\" width=\"680\" style=\"display: block; margin-left: auto; margin-right: auto;\" srcset=\"https:\/\/diarioregionaldigital.com.br\/wp-content\/uploads\/2017\/08\/diario-int-18912-1.jpg 680w, https:\/\/diarioregionaldigital.com.br\/wp-content\/uploads\/2017\/08\/diario-int-18912-1-300x199.jpg 300w, https:\/\/diarioregionaldigital.com.br\/wp-content\/uploads\/2017\/08\/diario-int-18912-1-360x238.jpg 360w\" sizes=\"(max-width: 680px) 100vw, 680px\" \/>Andr\u00e9 Luiz Almeida, Marcella Nascimento, Gustavo Mattos, Rosangela Nascimento e Matheus Nascimento<\/p>\n<p style=\"text-align: center;\"><img decoding=\"async\" class=\" size-full wp-image-79889\" src=\"http:\/\/diarioregionaljf.com.br\/wp-content\/uploads\/2017\/08\/diario-int-18912-2.jpg\" alt=\"FOTOB.jpg\" width=\"680\" style=\"display: block; margin-left: auto; margin-right: auto;\" srcset=\"https:\/\/diarioregionaldigital.com.br\/wp-content\/uploads\/2017\/08\/diario-int-18912-2.jpg 680w, https:\/\/diarioregionaldigital.com.br\/wp-content\/uploads\/2017\/08\/diario-int-18912-2-300x199.jpg 300w, https:\/\/diarioregionaldigital.com.br\/wp-content\/uploads\/2017\/08\/diario-int-18912-2-360x238.jpg 360w\" sizes=\"(max-width: 680px) 100vw, 680px\" \/>Marcella Nascimento, Filomena Raso e Ros\u00e2ngela Nascimento<\/p>\n<p style=\"text-align: center;\"><img decoding=\"async\" class=\" size-full wp-image-79890\" src=\"http:\/\/diarioregionaljf.com.br\/wp-content\/uploads\/2017\/08\/diario-int-18912-3.jpg\" alt=\"FOTOC.jpg\" width=\"680\" style=\"display: block; margin-left: auto; margin-right: auto;\" srcset=\"https:\/\/diarioregionaldigital.com.br\/wp-content\/uploads\/2017\/08\/diario-int-18912-3.jpg 680w, https:\/\/diarioregionaldigital.com.br\/wp-content\/uploads\/2017\/08\/diario-int-18912-3-300x199.jpg 300w, https:\/\/diarioregionaldigital.com.br\/wp-content\/uploads\/2017\/08\/diario-int-18912-3-360x238.jpg 360w\" sizes=\"(max-width: 680px) 100vw, 680px\" \/>Jussara Chaves, Matheus Nascimento, Regina Coeli<\/p>\n<p style=\"text-align: center;\"><img decoding=\"async\" class=\" size-full wp-image-79891\" src=\"http:\/\/diarioregionaljf.com.br\/wp-content\/uploads\/2017\/08\/diario-int-18912-4.jpg\" alt=\"FOTOD.jpg\" width=\"680\" style=\"display: block; margin-left: auto; margin-right: auto;\" srcset=\"https:\/\/diarioregionaldigital.com.br\/wp-content\/uploads\/2017\/08\/diario-int-18912-4.jpg 680w, https:\/\/diarioregionaldigital.com.br\/wp-content\/uploads\/2017\/08\/diario-int-18912-4-300x199.jpg 300w, https:\/\/diarioregionaldigital.com.br\/wp-content\/uploads\/2017\/08\/diario-int-18912-4-360x238.jpg 360w\" sizes=\"(max-width: 680px) 100vw, 680px\" \/>Ros\u00e2ngela Nascimento, Alexandre Ferreira e Marcella Nascimento<\/p>\n<p style=\"text-align: center;\"><img decoding=\"async\" class=\" size-full wp-image-79892\" src=\"http:\/\/diarioregionaljf.com.br\/wp-content\/uploads\/2017\/08\/diario-int-18912-5.jpg\" alt=\"FOTOE.jpg\" width=\"680\" style=\"display: block; margin-left: auto; margin-right: auto;\" srcset=\"https:\/\/diarioregionaldigital.com.br\/wp-content\/uploads\/2017\/08\/diario-int-18912-5.jpg 680w, https:\/\/diarioregionaldigital.com.br\/wp-content\/uploads\/2017\/08\/diario-int-18912-5-300x199.jpg 300w, https:\/\/diarioregionaldigital.com.br\/wp-content\/uploads\/2017\/08\/diario-int-18912-5-360x238.jpg 360w\" sizes=\"(max-width: 680px) 100vw, 680px\" \/>Marcos Moraes e Alcione Moraes<\/p>\n<p style=\"text-align: center;\"><img decoding=\"async\" class=\" size-full wp-image-79893\" src=\"http:\/\/diarioregionaljf.com.br\/wp-content\/uploads\/2017\/08\/diario-int-18912-6.jpg\" alt=\"FOTOF.jpg\" width=\"680\" style=\"display: block; margin-left: auto; margin-right: auto;\" srcset=\"https:\/\/diarioregionaldigital.com.br\/wp-content\/uploads\/2017\/08\/diario-int-18912-6.jpg 680w, https:\/\/diarioregionaldigital.com.br\/wp-content\/uploads\/2017\/08\/diario-int-18912-6-300x197.jpg 300w, https:\/\/diarioregionaldigital.com.br\/wp-content\/uploads\/2017\/08\/diario-int-18912-6-360x237.jpg 360w\" sizes=\"(max-width: 680px) 100vw, 680px\" \/>Eduardo Gomes, Miguel Lu\u00eds Almeida, Marcella Nascimento e S\u00edlvio Silva<\/p>\n<p style=\"text-align: center;\"><img decoding=\"async\" class=\" size-full wp-image-79894\" src=\"http:\/\/diarioregionaljf.com.br\/wp-content\/uploads\/2017\/08\/diario-int-18912-7.jpg\" alt=\"FOTOG.jpg\" width=\"680\" style=\"display: block; margin-left: auto; margin-right: auto;\" srcset=\"https:\/\/diarioregionaldigital.com.br\/wp-content\/uploads\/2017\/08\/diario-int-18912-7.jpg 680w, https:\/\/diarioregionaldigital.com.br\/wp-content\/uploads\/2017\/08\/diario-int-18912-7-300x198.jpg 300w, https:\/\/diarioregionaldigital.com.br\/wp-content\/uploads\/2017\/08\/diario-int-18912-7-360x238.jpg 360w\" sizes=\"(max-width: 680px) 100vw, 680px\" \/>Renata S\u00e1, Marcella Nascimento, Paola Schettino e Lucimar Fernandes<\/p>\n<p style=\"text-align: center;\"><img decoding=\"async\" class=\" size-full wp-image-79895\" src=\"http:\/\/diarioregionaljf.com.br\/wp-content\/uploads\/2017\/08\/diario-int-18912-8.jpg\" alt=\"FOTOH.jpg\" width=\"680\" style=\"display: block; margin-left: auto; margin-right: auto;\" srcset=\"https:\/\/diarioregionaldigital.com.br\/wp-content\/uploads\/2017\/08\/diario-int-18912-8.jpg 680w, https:\/\/diarioregionaldigital.com.br\/wp-content\/uploads\/2017\/08\/diario-int-18912-8-300x199.jpg 300w, https:\/\/diarioregionaldigital.com.br\/wp-content\/uploads\/2017\/08\/diario-int-18912-8-360x238.jpg 360w\" sizes=\"(max-width: 680px) 100vw, 680px\" \/>Aniversariante da semana, a bela Andreza Dias<\/p>\n<p style=\"text-align: center;\"><img decoding=\"async\" class=\" size-full wp-image-79896\" src=\"http:\/\/diarioregionaljf.com.br\/wp-content\/uploads\/2017\/08\/diario-int-18912-9.jpg\" alt=\"FOTOI.jpg\" width=\"680\" style=\"display: block; margin-left: auto; margin-right: auto;\" srcset=\"https:\/\/diarioregionaldigital.com.br\/wp-content\/uploads\/2017\/08\/diario-int-18912-9.jpg 680w, https:\/\/diarioregionaldigital.com.br\/wp-content\/uploads\/2017\/08\/diario-int-18912-9-300x198.jpg 300w, https:\/\/diarioregionaldigital.com.br\/wp-content\/uploads\/2017\/08\/diario-int-18912-9-360x238.jpg 360w\" sizes=\"(max-width: 680px) 100vw, 680px\" \/>No Simetria, Jo\u00e3o Batista Calderano, Mariane Unanue e Camila Marchi<\/p>\n<p style=\"text-align: center;\"><img decoding=\"async\" class=\" size-full wp-image-79897\" src=\"http:\/\/diarioregionaljf.com.br\/wp-content\/uploads\/2017\/08\/diario-int-18912-10.jpg\" alt=\"FOTOJ.jpg\" width=\"680\" style=\"display: block; margin-left: auto; margin-right: auto;\" srcset=\"https:\/\/diarioregionaldigital.com.br\/wp-content\/uploads\/2017\/08\/diario-int-18912-10.jpg 680w, https:\/\/diarioregionaldigital.com.br\/wp-content\/uploads\/2017\/08\/diario-int-18912-10-300x199.jpg 300w, https:\/\/diarioregionaldigital.com.br\/wp-content\/uploads\/2017\/08\/diario-int-18912-10-360x238.jpg 360w\" sizes=\"(max-width: 680px) 100vw, 680px\" \/>No Gran Victory, Fabinho Esteves, L\u00e9o Peixoto e Sheila Peixoto<\/p>\n<p style=\"text-align: center;\"><img decoding=\"async\" class=\" size-full wp-image-79898\" src=\"http:\/\/diarioregionaljf.com.br\/wp-content\/uploads\/2017\/08\/diario-int-18912-11.jpg\" alt=\"FOTOL.jpg\" width=\"680\" style=\"display: block; margin-left: auto; margin-right: auto;\" srcset=\"https:\/\/diarioregionaldigital.com.br\/wp-content\/uploads\/2017\/08\/diario-int-18912-11.jpg 680w, https:\/\/diarioregionaldigital.com.br\/wp-content\/uploads\/2017\/08\/diario-int-18912-11-266x300.jpg 266w, https:\/\/diarioregionaldigital.com.br\/wp-content\/uploads\/2017\/08\/diario-int-18912-11-360x407.jpg 360w\" sizes=\"(max-width: 680px) 100vw, 680px\" \/>O jovem vasca\u00edno e modelo de SJN, Iago Castro<\/p>\n<p class=\"h4\" style=\"text-align: center;\">FOTOSS\u00ccNTESE<\/p>\n<p>A bonita Andreza Dias re\u00fane amigos e familiares para festejar idade nova, neste doming\u00e3o, em sua ampla resid\u00eancia no Bonfim.<\/p>\n<p>O conceituado advogado Paulo Medina escolheu o tema \u201cO momento pol\u00edtico sob a \u00f3tica do Direito\u201d e vai falar no dia 31 de agosto, no Instituto Hist\u00f3rico e Geogr\u00e1fico, para seleta plateia. Merci pelo convite.<\/p>\n<p>Ser\u00e1 encerrada neste domingo, no Col\u00e9gio dos Jesu\u00edtas, com premia\u00e7\u00e3o, a 17\u00aa Exposi\u00e7\u00e3o Nacional de Orqu\u00eddeas.<\/p>\n<p>Promovida pelo IBRAM, vai ser em setembro o esperado evento II Primavera dos Museus. Em Juiz de Fora, o diretor-presidente do Museu Mariano Proc\u00f3pio Antonio Carlos Duarte j\u00e1 movimenta uns e outros.<\/p>\n<p>Ser\u00e1 neste domingo no F\u00e1tima Buffet o festival de pr\u00eamios comemorativo dos 21 anos de sucesso dos M\u00e9dicos do Barulho, tendo \u00e0 frente o din\u00e2mico Amaury Mendes, o Palha\u00e7o Fuzil.<\/p>\n<p>Agendado para 9 de setembro, a 15\u00aa Edi\u00e7\u00e3o do Bazar Manufato, \u00e0s 14h, no templo do Espa\u00e7o Manufato, em frente ao Shopping Alameda.<\/p>\n<p>Para o dia 2 de setembro, o Pubs recebe, \u00e0s 23h, a festa Groove Spring. A promo\u00e7\u00e3o \u00e9 do relampiante Igor Carvalhaes.<\/p>\n<p>Para festejar 13 anos de boa m\u00fasica, o cantor Thiago Miranda vai fazer show no dia 14 de setembro, \u00e0s 20h, no Cine-Theatro Central.<\/p>\n<p>O Via Brasil anexo ao Clube Dom Pedro II vai fervilhar no dia 23 de setembro, com a festa Euphorika. O Open Bar tem a estrelada estrutura comandada por Hudson Lagrotta.<\/p>\n<p>Ser\u00e1 no Bar do Haras, no s\u00e1bado, 21 de outubro, \u00e0s 18h, a entrega do 16\u00ba Trof\u00e9u Country Magazine.<\/p>\n<p>A advogada juiz-forana C\u00e1tia Moreira est\u00e1 desenvolvendo bons trabalhos em Uberl\u00e2ndia e Araguari.<\/p>\n<p>Para refletir: \u201cO encontro de duas almas \u00e9 como o contato de duas subst\u00e2ncias qu\u00edmicas: se h\u00e1 alguma rea\u00e7\u00e3o, ambas se transformam\u201d. (Carl Jung). Bom dia.<\/p>\n","protected":false},"excerpt":{"rendered":"<p>Nas AlterosasTrazendo novidades de Belo Horizonte, a comandante da Guarda Municipal, Emilce de Castro, participou ativamente de uma reuni\u00e3o das GMs com o secret\u00e1rio de Estado de Defesa Social, S\u00e9rgio Barbosa. Na pauta, a seguran\u00e7a nas cidades de Minas Gerais. L\u00e1 LongeTermina hoje, em Belo Horizonte, a Confer\u00eancia Internacional de Sociodrama. De Juiz de Fora, [&hellip;]<\/p>\n","protected":false},"author":96,"featured_media":79887,"comment_status":"closed","ping_status":"closed","sticky":false,"template":"","format":"standard","meta":{"footnotes":""},"categories":[264],"tags":[],"class_list":["post-79899","post","type-post","status-publish","format-standard","has-post-thumbnail","hentry","category-eduardo-gomes"],"_links":{"self":[{"href":"https:\/\/diarioregionaldigital.com.br\/index.php?rest_route=\/wp\/v2\/posts\/79899","targetHints":{"allow":["GET"]}}],"collection":[{"href":"https:\/\/diarioregionaldigital.com.br\/index.php?rest_route=\/wp\/v2\/posts"}],"about":[{"href":"https:\/\/diarioregionaldigital.com.br\/index.php?rest_route=\/wp\/v2\/types\/post"}],"author":[{"embeddable":true,"href":"https:\/\/diarioregionaldigital.com.br\/index.php?rest_route=\/wp\/v2\/users\/96"}],"replies":[{"embeddable":true,"href":"https:\/\/diarioregionaldigital.com.br\/index.php?rest_route=%2Fwp%2Fv2%2Fcomments&post=79899"}],"version-history":[{"count":0,"href":"https:\/\/diarioregionaldigital.com.br\/index.php?rest_route=\/wp\/v2\/posts\/79899\/revisions"}],"wp:featuredmedia":[{"embeddable":true,"href":"https:\/\/diarioregionaldigital.com.br\/index.php?rest_route=\/wp\/v2\/media\/79887"}],"wp:attachment":[{"href":"https:\/\/diarioregionaldigital.com.br\/index.php?rest_route=%2Fwp%2Fv2%2Fmedia&parent=79899"}],"wp:term":[{"taxonomy":"category","embeddable":true,"href":"https:\/\/diarioregionaldigital.com.br\/index.php?rest_route=%2Fwp%2Fv2%2Fcategories&post=79899"},{"taxonomy":"post_tag","embeddable":true,"href":"https:\/\/diarioregionaldigital.com.br\/index.php?rest_route=%2Fwp%2Fv2%2Ftags&post=79899"}],"curies":[{"name":"wp","href":"https:\/\/api.w.org\/{rel}","templated":true}]}}