{"id":79886,"date":"2017-08-25T22:16:51","date_gmt":"2017-08-26T01:16:51","guid":{"rendered":"http:\/\/diarioregionaljf.com.br\/2017\/08\/25\/rede-jf-de-voluntarios-atua-ha-20-anos-na-promoao-da-cidadania\/"},"modified":"2017-08-25T22:16:51","modified_gmt":"2017-08-26T01:16:51","slug":"rede-jf-de-voluntarios-atua-ha-20-anos-na-promoao-da-cidadania","status":"publish","type":"post","link":"https:\/\/diarioregionaldigital.com.br\/?p=79886","title":{"rendered":"Rede JF de Volunt\u00e1rios atua h\u00e1 20 anos na promo\u00e7\u00e3o da cidadania"},"content":{"rendered":"<p>Nesta segunda-feira, 28, \u00e9 comemorado o Dia Nacional do Volunt\u00e1rio, data criada para homenagear e destacar o trabalho das pessoas que atuam como volunt\u00e1rias em diversas causas para o bem da comunidade.<\/p>\n<p>Muitas organiza\u00e7\u00f5es sobrevivem gra\u00e7as ao trabalho dos volunt\u00e1rios e, em Juiz de Fora, a Rede JF de Volunt\u00e1rios \u00e9 uma dessas organiza\u00e7\u00f5es. Criado h\u00e1 20 anos por um grupo de amigos liderado pelo m\u00e9dico Ant\u00f4nio Jorge, que apoiou na estrutura\u00e7\u00e3o da proposta, o projeto n\u00e3o possui nenhum v\u00ednculo religioso.<\/p>\n<p>A iniciativa \u00e9 voltada para demandas sociais, para p\u00fablicos que vivem na vulnerabilidade e exclus\u00e3o social e que est\u00e3o distantes dos seus direitos fundamentais e b\u00e1sicos. A Rede conta com m\u00e9dicos, advogados, enfermeiros e cabeleireiros, que atuam como volunt\u00e1rios. Al\u00e9m disso, o projeto tem parceria com os produtores do Ceasa, que doam alimentos para que sejam revertidos \u00e0 fam\u00edlias que precisam.<\/p>\n<p>Segundo a coordenadora da Rede, Laura Santos, ser voluntario \u00e9 se doar, dar um pouco do seu conhecimento e do seu talento em prol do pr\u00f3ximo, \u00e9 ser \u00fatil para algu\u00e9m. \u201cN\u00f3s contamos com cerca de 60 volunt\u00e1rios e esse n\u00famero dobra em a\u00e7\u00f5es espec\u00edficas. Temos um registro de 180 pessoas que foram auxiliadas desde fevereiro\u201d, afirma Laura.<\/p>\n<p>De acordo com a coordenadora, o objetivo do projeto \u00e9 trabalhar em prol do cidad\u00e3o juiz-forano, a fim de solucionar problemas nas mais diversas \u00e1reas, com o apoio dos volunt\u00e1rios. \u201cNosso principal desafio \u00e9 fazer com que os atendidos sintam a vontade de correr atr\u00e1s dos pr\u00f3prios sonhos, que eles entendam a necessidade que t\u00eam que se cuidar e fazer a parte deles\u201d, afirma.<\/p>\n<p>O advogado Dr. Jos\u00e9 Carlos de Oliveira conheceu o projeto atrav\u00e9s de Laura e est\u00e1 atuando como volunt\u00e1rio desde ent\u00e3o, prestando aux\u00edlio e atendimento jur\u00eddico, com a finalidade de mostrar \u00e0s pessoas o que elas t\u00eam direito e o que elas n\u00e3o t\u00eam. Dependendo da demanda, Oliveira tamb\u00e9m faz a representa\u00e7\u00e3o judicial das pessoas, em casos que n\u00e3o envolvem valor econ\u00f4mico. Para ele, \u00e9 muito gratificante o retorno atrav\u00e9s do sorriso de quem \u00e9 ajudado. \u201cSer volunt\u00e1rio \u00e9 uma esp\u00e9cie de trabalho no qual voc\u00ea doa o conhecimento sem esperar receber algo em troca\u201d, afirma.<\/p>\n<p>Uma das auxiliadas pelo projeto \u00e9 a estudante de psicologia Aline Ottoni. Ela \u00e9 portadora de Psor\u00edase, uma doen\u00e7a do sistema emocional que causa feridas na pele. H\u00e1 quatro anos faz tratamento com uma vacina biol\u00f3gica que custa R$9 mil, e, por n\u00e3o ter condi\u00e7\u00f5es de pagar, teve que entrar na justi\u00e7a para come\u00e7ar a receber o medicamento. No ano passado, a Prefeitura, alegando estar sem verba, parou de fornecer a vacina, e Aline buscou a ajuda da Rede para reivindicar seu direito. \u201cPor interm\u00e9dio da minha tia, conheci a Laura, que me apresentou o advogado do projeto.<\/p>\n<p>Fui auxiliada atrav\u00e9s da ajuda deles para entrar na justi\u00e7a e conseguir o medicamento novamente\u201d, afirma.<br \/>Ap\u00f3s ser ajudada, a estudante se tornou volunt\u00e1ria. \u201cO que me motiva a ajudar as pessoas \u00e9 o crescimento pessoal e a gratifica\u00e7\u00e3o de ter ajudado de alguma forma na vida delas\u201d, ressalta.<\/p>\n<h4>DEMANDAS<\/h4>\n<p>Uma das \u00e1reas na qual o projeto necessita de mais profissionais \u00e9 no atendimento de psicologia e psiquiatria. De acordo com a coordenadora, a demanda \u00e9 grande, pois muitas pessoas que sofrem de depress\u00e3o procuram a Rede. Os acompanhamentos s\u00e3o feitos em grupo, uma vez que o projeto n\u00e3o possui volunt\u00e1rios suficientes para fazer o acompanhamento particular.<\/p>\n<p>Quem quiser ser volunt\u00e1rio pode entrar em contato com a Rede atrav\u00e9s do n\u00famero 98831-0005, pelo email redejuizdeforadevoluntarios@gmail.com, pelo Facebook (redejfdevoluntarios) ou ainda pessoalmente, na sede do projeto, na Rua Dr. Ant\u00f4nio Mour\u00e3o Guimar\u00e3es, n\u00ba440, bairro Santa Cruz, regi\u00e3o Norte. Quem quiser procurar a Rede para receber algum aux\u00edlio tamb\u00e9m pode ir at\u00e9 a sede do projeto.<\/p>\n<h4>DIA DO VOLUNT\u00c1RIO<\/h4>\n<p>Para comemorar o Dia Nacional do Volunt\u00e1rio, a Rede promoveu, nesse s\u00e1bado, 26, uma palestra motivacional, com fins de auxiliar as pessoas que procuram emprego a se capacitarem para entrevistas e as incentivar a ir em busca de oportunidades.<\/p>\n","protected":false},"excerpt":{"rendered":"<p>Nesta segunda-feira, 28, \u00e9 comemorado o Dia Nacional do Volunt\u00e1rio, data criada para homenagear e destacar o trabalho das pessoas que atuam como volunt\u00e1rias em diversas causas para o bem da comunidade. Muitas organiza\u00e7\u00f5es sobrevivem gra\u00e7as ao trabalho dos volunt\u00e1rios e, em Juiz de Fora, a Rede JF de Volunt\u00e1rios \u00e9 uma dessas organiza\u00e7\u00f5es. Criado [&hellip;]<\/p>\n","protected":false},"author":96,"featured_media":79885,"comment_status":"closed","ping_status":"closed","sticky":false,"template":"","format":"standard","meta":{"footnotes":""},"categories":[253],"tags":[],"class_list":["post-79886","post","type-post","status-publish","format-standard","has-post-thumbnail","hentry","category-cidade"],"_links":{"self":[{"href":"https:\/\/diarioregionaldigital.com.br\/index.php?rest_route=\/wp\/v2\/posts\/79886","targetHints":{"allow":["GET"]}}],"collection":[{"href":"https:\/\/diarioregionaldigital.com.br\/index.php?rest_route=\/wp\/v2\/posts"}],"about":[{"href":"https:\/\/diarioregionaldigital.com.br\/index.php?rest_route=\/wp\/v2\/types\/post"}],"author":[{"embeddable":true,"href":"https:\/\/diarioregionaldigital.com.br\/index.php?rest_route=\/wp\/v2\/users\/96"}],"replies":[{"embeddable":true,"href":"https:\/\/diarioregionaldigital.com.br\/index.php?rest_route=%2Fwp%2Fv2%2Fcomments&post=79886"}],"version-history":[{"count":0,"href":"https:\/\/diarioregionaldigital.com.br\/index.php?rest_route=\/wp\/v2\/posts\/79886\/revisions"}],"wp:featuredmedia":[{"embeddable":true,"href":"https:\/\/diarioregionaldigital.com.br\/index.php?rest_route=\/wp\/v2\/media\/79885"}],"wp:attachment":[{"href":"https:\/\/diarioregionaldigital.com.br\/index.php?rest_route=%2Fwp%2Fv2%2Fmedia&parent=79886"}],"wp:term":[{"taxonomy":"category","embeddable":true,"href":"https:\/\/diarioregionaldigital.com.br\/index.php?rest_route=%2Fwp%2Fv2%2Fcategories&post=79886"},{"taxonomy":"post_tag","embeddable":true,"href":"https:\/\/diarioregionaldigital.com.br\/index.php?rest_route=%2Fwp%2Fv2%2Ftags&post=79886"}],"curies":[{"name":"wp","href":"https:\/\/api.w.org\/{rel}","templated":true}]}}