{"id":79751,"date":"2017-08-24T18:47:32","date_gmt":"2017-08-24T21:47:32","guid":{"rendered":"http:\/\/diarioregionaljf.com.br\/2017\/08\/24\/pjf-promove-a-uniao-de-167-casais-nesta-sexta-feira\/"},"modified":"2017-08-24T18:47:32","modified_gmt":"2017-08-24T21:47:32","slug":"pjf-promove-a-uniao-de-167-casais-nesta-sexta-feira","status":"publish","type":"post","link":"https:\/\/diarioregionaldigital.com.br\/?p=79751","title":{"rendered":"PJF promove a uni\u00e3o de 167 casais nesta sexta-feira"},"content":{"rendered":"<p>Acontecer\u00e1 nesta sexta-feira, 25, o t\u00e3o esperado &#8220;sim&#8221; para 167 casais em Juiz de Fora. O projeto \u201cBem Casado\u201d \u00e9 uma iniciativa da Casa da Mulher, da Secretaria de Governo da Prefeitura de Juiz de Fora (PJF) e visa regularizar a uni\u00e3o civil de casais que n\u00e3o tem condi\u00e7\u00e3o de realizar uma cerim\u00f4nia individual ou mesmo os que j\u00e1 vivem em uni\u00e3o est\u00e1vel.<\/p>\n<p>O momento ser\u00e1 como os casais sonham: uma grande cerim\u00f4nia, com marcha nupcial, vestido de noiva, damas, pajens, troca de alian\u00e7as, cumprimento aos noivos e para finalizar o \u201cgrande dia\u201d nada melhor do que a do\u00e7ura dos tradicionais bem casados.<\/p>\n<p>Este ano a Casa da Mulher contemplou 100 noivas com a doa\u00e7\u00e3o de lindos vestidos. Al\u00e9m disso, cada casal poder\u00e1 levar at\u00e9 15 convidados para compartilhar a felicidade deste grande momento.<\/p>\n<p>A 5\u00aa edi\u00e7\u00e3o do \u201cBem Casado\u201d ser\u00e1 celebrada \u00e0s 19h, na Igreja Batista Resplandecente Estrela da Manh\u00e3 (IBREM), localizado na rua Santa Terezinha, n\u00ba655, bairro hom\u00f4nimo.<\/p>\n<p>Fonte: Assessoria<\/p>\n","protected":false},"excerpt":{"rendered":"<p>Acontecer\u00e1 nesta sexta-feira, 25, o t\u00e3o esperado &#8220;sim&#8221; para 167 casais em Juiz de Fora. O projeto \u201cBem Casado\u201d \u00e9 uma iniciativa da Casa da Mulher, da Secretaria de Governo da Prefeitura de Juiz de Fora (PJF) e visa regularizar a uni\u00e3o civil de casais que n\u00e3o tem condi\u00e7\u00e3o de realizar uma cerim\u00f4nia individual ou [&hellip;]<\/p>\n","protected":false},"author":96,"featured_media":79750,"comment_status":"closed","ping_status":"closed","sticky":false,"template":"","format":"standard","meta":{"footnotes":""},"categories":[253],"tags":[],"class_list":["post-79751","post","type-post","status-publish","format-standard","has-post-thumbnail","hentry","category-cidade"],"_links":{"self":[{"href":"https:\/\/diarioregionaldigital.com.br\/index.php?rest_route=\/wp\/v2\/posts\/79751","targetHints":{"allow":["GET"]}}],"collection":[{"href":"https:\/\/diarioregionaldigital.com.br\/index.php?rest_route=\/wp\/v2\/posts"}],"about":[{"href":"https:\/\/diarioregionaldigital.com.br\/index.php?rest_route=\/wp\/v2\/types\/post"}],"author":[{"embeddable":true,"href":"https:\/\/diarioregionaldigital.com.br\/index.php?rest_route=\/wp\/v2\/users\/96"}],"replies":[{"embeddable":true,"href":"https:\/\/diarioregionaldigital.com.br\/index.php?rest_route=%2Fwp%2Fv2%2Fcomments&post=79751"}],"version-history":[{"count":0,"href":"https:\/\/diarioregionaldigital.com.br\/index.php?rest_route=\/wp\/v2\/posts\/79751\/revisions"}],"wp:featuredmedia":[{"embeddable":true,"href":"https:\/\/diarioregionaldigital.com.br\/index.php?rest_route=\/wp\/v2\/media\/79750"}],"wp:attachment":[{"href":"https:\/\/diarioregionaldigital.com.br\/index.php?rest_route=%2Fwp%2Fv2%2Fmedia&parent=79751"}],"wp:term":[{"taxonomy":"category","embeddable":true,"href":"https:\/\/diarioregionaldigital.com.br\/index.php?rest_route=%2Fwp%2Fv2%2Fcategories&post=79751"},{"taxonomy":"post_tag","embeddable":true,"href":"https:\/\/diarioregionaldigital.com.br\/index.php?rest_route=%2Fwp%2Fv2%2Ftags&post=79751"}],"curies":[{"name":"wp","href":"https:\/\/api.w.org\/{rel}","templated":true}]}}