{"id":79747,"date":"2017-08-24T01:29:03","date_gmt":"2017-08-24T04:29:03","guid":{"rendered":"http:\/\/diarioregionaljf.com.br\/2017\/08\/24\/projeto-contra-abuso-sexual-e-outras-formas-de-violencia-tem-acao-programada-para-sabado-no-parque-halfeld\/"},"modified":"2017-08-24T01:29:03","modified_gmt":"2017-08-24T04:29:03","slug":"projeto-contra-abuso-sexual-e-outras-formas-de-violencia-tem-acao-programada-para-sabado-no-parque-halfeld","status":"publish","type":"post","link":"https:\/\/diarioregionaldigital.com.br\/?p=79747","title":{"rendered":"Projeto contra abuso sexual e outras formas de viol\u00eancia tem a\u00e7\u00e3o programada para s\u00e1bado no Parque Halfeld"},"content":{"rendered":"<p>\u201cEu tropecei\u201d e \u201ceu ca\u00ed da escada\u201d s\u00e3o frases comuns repetidas por muitas mulheres que, na verdade, foram v\u00edtimas de agress\u00e3o. Para alertar sobre a import\u00e2ncia de denunciar, a Igreja Adventista do S\u00e9timo Dia realiza anualmente , em oito pa\u00edses da Am\u00e9rica do Sul (Argentina, Brasil, Bol\u00edvia, Chile, Equador, Paraguai, Peru e Uruguai), o programa educativo e de preven\u00e7\u00e3o contra o abuso e a viol\u00eancia dom\u00e9stica, intitulado \u201cQuebrando o Sil\u00eancio\u201d. Em Juiz de Fora, a a\u00e7\u00e3o acontecer\u00e1 no pr\u00f3ximo s\u00e1bado, 26, a partir das 9h, no Parque Halfeld, onde cerca de 45 profissionais oferecer\u00e3o gratuitamente atendimento psicol\u00f3gico, jur\u00eddico, espiritual e de sa\u00fade f\u00edsica.<\/p>\n<p>Embora o foco da iniciativa seja a viol\u00eancia f\u00edsica, verbal, psicol\u00f3gica e sexual contra mulheres, a organizadora do projeto no munic\u00edpio, Giselli Belinasse de S\u00e1, destaca os esfor\u00e7os do projeto no sentido de estimular tamb\u00e9m den\u00fancias dos casos de pedofilia ou estupro de vulner\u00e1vel. \u201cEssas formas de viol\u00eancia precisam ser denunciadas. Felizmente, as mulheres, por exemplo, que sofrem algum tipo de agress\u00e3o, t\u00eam denunciado mais nos \u00faltimos anos por conta do aumento do acesso \u00e0 informa\u00e7\u00e3o. O tema do evento dialoga com a proposta: dar um basta na omiss\u00e3o da viol\u00eancia sofrida\u201d, enfatiza Giselli.<\/p>\n<h4>A VIOL\u00caNCIA EM N\u00daMEROS<\/h4>\n<p>Segundo dados da Secretaria de Estado de Seguran\u00e7a P\u00fablica (Sesp), entre janeiro e abril de 2017, em Juiz de Fora, os casos de estupros consumados e de vulner\u00e1veis aumentaram consideravelmente no munic\u00edpio, se comparado ao mesmo per\u00edodo de 2016. Houve um crescimento de 100% no n\u00famero de estupros e 43,75% nos estupros de vulner\u00e1veis.<\/p>\n<p>Em 2017, o projeto &#8220;Quebrando o Sil\u00eancio&#8221; enfatiza a viol\u00eancia sexual, especificamente o estupro, como objeto de discuss\u00e3o. Segundo dados de um estudo do Instituto de Pesquisa Econ\u00f4mica Aplicada (Ipea), 70% das v\u00edtimas de abuso sexual no Brasil s\u00e3o crian\u00e7as e adolescentes. Destes, 50% t\u00eam um hist\u00f3rico de abusos anteriores, e 15% foram abusados por mais de um agressor. Desses agressores, 24% s\u00e3o os pr\u00f3prios pais ou padrastos, e outros 32% s\u00e3o amigos ou pessoas pr\u00f3ximas \u00e0 fam\u00edlia da v\u00edtima.<\/p>\n","protected":false},"excerpt":{"rendered":"<p>\u201cEu tropecei\u201d e \u201ceu ca\u00ed da escada\u201d s\u00e3o frases comuns repetidas por muitas mulheres que, na verdade, foram v\u00edtimas de agress\u00e3o. Para alertar sobre a import\u00e2ncia de denunciar, a Igreja Adventista do S\u00e9timo Dia realiza anualmente , em oito pa\u00edses da Am\u00e9rica do Sul (Argentina, Brasil, Bol\u00edvia, Chile, Equador, Paraguai, Peru e Uruguai), o programa [&hellip;]<\/p>\n","protected":false},"author":96,"featured_media":79746,"comment_status":"closed","ping_status":"closed","sticky":false,"template":"","format":"standard","meta":{"footnotes":""},"categories":[253],"tags":[],"class_list":["post-79747","post","type-post","status-publish","format-standard","has-post-thumbnail","hentry","category-cidade"],"_links":{"self":[{"href":"https:\/\/diarioregionaldigital.com.br\/index.php?rest_route=\/wp\/v2\/posts\/79747","targetHints":{"allow":["GET"]}}],"collection":[{"href":"https:\/\/diarioregionaldigital.com.br\/index.php?rest_route=\/wp\/v2\/posts"}],"about":[{"href":"https:\/\/diarioregionaldigital.com.br\/index.php?rest_route=\/wp\/v2\/types\/post"}],"author":[{"embeddable":true,"href":"https:\/\/diarioregionaldigital.com.br\/index.php?rest_route=\/wp\/v2\/users\/96"}],"replies":[{"embeddable":true,"href":"https:\/\/diarioregionaldigital.com.br\/index.php?rest_route=%2Fwp%2Fv2%2Fcomments&post=79747"}],"version-history":[{"count":0,"href":"https:\/\/diarioregionaldigital.com.br\/index.php?rest_route=\/wp\/v2\/posts\/79747\/revisions"}],"wp:featuredmedia":[{"embeddable":true,"href":"https:\/\/diarioregionaldigital.com.br\/index.php?rest_route=\/wp\/v2\/media\/79746"}],"wp:attachment":[{"href":"https:\/\/diarioregionaldigital.com.br\/index.php?rest_route=%2Fwp%2Fv2%2Fmedia&parent=79747"}],"wp:term":[{"taxonomy":"category","embeddable":true,"href":"https:\/\/diarioregionaldigital.com.br\/index.php?rest_route=%2Fwp%2Fv2%2Fcategories&post=79747"},{"taxonomy":"post_tag","embeddable":true,"href":"https:\/\/diarioregionaldigital.com.br\/index.php?rest_route=%2Fwp%2Fv2%2Ftags&post=79747"}],"curies":[{"name":"wp","href":"https:\/\/api.w.org\/{rel}","templated":true}]}}