{"id":79743,"date":"2017-08-24T01:00:29","date_gmt":"2017-08-24T04:00:29","guid":{"rendered":"http:\/\/diarioregionaljf.com.br\/2017\/08\/24\/a-amarga-luta-para-manter-o-poder\/"},"modified":"2017-08-24T01:00:29","modified_gmt":"2017-08-24T04:00:29","slug":"a-amarga-luta-para-manter-o-poder","status":"publish","type":"post","link":"https:\/\/diarioregionaldigital.com.br\/?p=79743","title":{"rendered":"A amarga luta para manter o poder"},"content":{"rendered":"<p>Os tempos s\u00e3o bicudos. O presidente Michel Temer investe milh\u00f5es na libera\u00e7\u00e3o de emendas parlamentares e atendimento de pedidos dos deputados, na esperan\u00e7a de rejeitar a den\u00fancia que poder\u00e1 afast\u00e1-lo do poder.<\/p>\n<p>Coincid\u00eancia ou n\u00e3o, ao mesmo tempo, o governo promove o tarifa\u00e7o sobre o pre\u00e7o dos combust\u00edveis que, como mercadorias estrat\u00e9gicas, dever\u00e1 impactar e provocar a infla\u00e7\u00e3o em toda a cadeia de produtos e servi\u00e7os consumidos pela popula\u00e7\u00e3o. A infla\u00e7\u00e3o em queda ser\u00e1 realimentada e seus benef\u00edcios adiados ou at\u00e9 anulados.<\/p>\n<p>Espera-se que os efeitos previstos pelo governo na reforma trabalhista comecem a aparecer logo e possam beneficiar pelo menos parte dos 14 milh\u00f5es de desempregados que o pa\u00eds acumulou atrav\u00e9s de pol\u00edticas equivocadas. Se isso n\u00e3o ocorrer com relativa rapidez, ser\u00e1 dif\u00edcil o presidente continuar defendendo a tese do pa\u00eds \u201cnos trilhos\u201d, pois os efeitos do aumento dos impostos &#8211; e, consequentemente, dos pre\u00e7os dos combust\u00edveis &#8211; foram sentidos j\u00e1 nessa semana.<\/p>\n<p>Fica cada dia mais improv\u00e1vel a for\u00e7a governamental para promover as pretendidas e necess\u00e1rias reformas previdenci\u00e1ria e pol\u00edtica. Sem novas normas eleitorais, o pleito de 2018 tender\u00e1 a ser desastroso, pois n\u00e3o ter\u00e1 meios de custeio, j\u00e1 que depois das descobertas da Opera\u00e7\u00e3o Lava Jato, ningu\u00e9m mais se arriscar\u00e1 a fazer campanha com o dinheiro da corrup\u00e7\u00e3o.<\/p>\n<p>Talvez a situa\u00e7\u00e3o fique ainda pior, ocorrendo o custeio pelo crime organizado que, segundo dizem, j\u00e1 se fez presente nas elei\u00e7\u00f5es municipais ao ano passado.<\/p>\n<p>De outro lado, o condenado ex-presidente Lula bate de frente com o juiz S\u00e9rgio Moro. Em atos promovidos pelo PT e seus puxadinhos, busca desqualificar a senten\u00e7a e acusa o magistrado de persegui\u00e7\u00e3o. Se \u00e9 assim que pensa, deveria recorrer junto \u00e0s cortes de apela\u00e7\u00e3o, jamais em atos p\u00fablicos.<\/p>\n<p>No momento em que re\u00fane apoiadores e se declara candidato \u00e0 Presid\u00eancia da Rep\u00fablica, o ex-presidente agride a Legisla\u00e7\u00e3o Eleitoral, que pro\u00edbe a realiza\u00e7\u00e3o de campanha antecipada. A Resolu\u00e7\u00e3o 23.450 do TSE, que regulou as elei\u00e7\u00f5es do ano passado, continua em vigor e estabelece que os com\u00edcios s\u00f3 poder\u00e3o ser realizados a partir de 47 dias antes do pleito.<\/p>\n<p>Dia 16 de agosto, quando a elei\u00e7\u00e3o est\u00e1 marcada para 2 de outubro. Antes disso, n\u00e3o.<\/p>\n<p>Considerando-se que a Justi\u00e7a Eleitoral s\u00f3 age extraordinariamente quando provocada, seria interessante que o Minist\u00e9rio P\u00fablico Eleitoral ou entidades diretamente relacionadas \u00e0 mat\u00e9ria questionassem essa campanha antecipada.<\/p>\n<p>Ela agride a isonomia entre os futuros candidatos, pois muitos deles ainda n\u00e3o foram definidos, os prov\u00e1veis n\u00e3o executam essa prega\u00e7\u00e3o. A choradeira de Lula em ato p\u00fablico, al\u00e9m de ilegal, pode causar a quebra da ordem p\u00fablica, com preju\u00edzos materiais, ferimentos e at\u00e9 mortes. Melhor prevenir do que remediar. Cumpra-se a lei.<\/p>\n<hr \/>\n<p><strong>&nbsp;Tenente Dirceu Cardoso Gon\u00e7alves &#8211; dirigente da ASPOMIL (Associa\u00e7\u00e3o de Assist. Social dos Policiais Militares de S\u00e3o Paulo)&nbsp;<\/strong><\/p>\n","protected":false},"excerpt":{"rendered":"<p>Os tempos s\u00e3o bicudos. O presidente Michel Temer investe milh\u00f5es na libera\u00e7\u00e3o de emendas parlamentares e atendimento de pedidos dos deputados, na esperan\u00e7a de rejeitar a den\u00fancia que poder\u00e1 afast\u00e1-lo do poder. Coincid\u00eancia ou n\u00e3o, ao mesmo tempo, o governo promove o tarifa\u00e7o sobre o pre\u00e7o dos combust\u00edveis que, como mercadorias estrat\u00e9gicas, dever\u00e1 impactar e [&hellip;]<\/p>\n","protected":false},"author":96,"featured_media":79742,"comment_status":"closed","ping_status":"closed","sticky":false,"template":"","format":"standard","meta":{"footnotes":""},"categories":[291],"tags":[],"class_list":["post-79743","post","type-post","status-publish","format-standard","has-post-thumbnail","hentry","category-versoes-artigos-de-opiniao"],"_links":{"self":[{"href":"https:\/\/diarioregionaldigital.com.br\/index.php?rest_route=\/wp\/v2\/posts\/79743","targetHints":{"allow":["GET"]}}],"collection":[{"href":"https:\/\/diarioregionaldigital.com.br\/index.php?rest_route=\/wp\/v2\/posts"}],"about":[{"href":"https:\/\/diarioregionaldigital.com.br\/index.php?rest_route=\/wp\/v2\/types\/post"}],"author":[{"embeddable":true,"href":"https:\/\/diarioregionaldigital.com.br\/index.php?rest_route=\/wp\/v2\/users\/96"}],"replies":[{"embeddable":true,"href":"https:\/\/diarioregionaldigital.com.br\/index.php?rest_route=%2Fwp%2Fv2%2Fcomments&post=79743"}],"version-history":[{"count":0,"href":"https:\/\/diarioregionaldigital.com.br\/index.php?rest_route=\/wp\/v2\/posts\/79743\/revisions"}],"wp:featuredmedia":[{"embeddable":true,"href":"https:\/\/diarioregionaldigital.com.br\/index.php?rest_route=\/wp\/v2\/media\/79742"}],"wp:attachment":[{"href":"https:\/\/diarioregionaldigital.com.br\/index.php?rest_route=%2Fwp%2Fv2%2Fmedia&parent=79743"}],"wp:term":[{"taxonomy":"category","embeddable":true,"href":"https:\/\/diarioregionaldigital.com.br\/index.php?rest_route=%2Fwp%2Fv2%2Fcategories&post=79743"},{"taxonomy":"post_tag","embeddable":true,"href":"https:\/\/diarioregionaldigital.com.br\/index.php?rest_route=%2Fwp%2Fv2%2Ftags&post=79743"}],"curies":[{"name":"wp","href":"https:\/\/api.w.org\/{rel}","templated":true}]}}