{"id":79737,"date":"2017-08-24T00:53:23","date_gmt":"2017-08-24T03:53:23","guid":{"rendered":"http:\/\/diarioregionaljf.com.br\/2017\/08\/24\/o-presidente-e-a-luta-para-manter-o-poder\/"},"modified":"2017-08-24T00:53:23","modified_gmt":"2017-08-24T03:53:23","slug":"o-presidente-e-a-luta-para-manter-o-poder","status":"publish","type":"post","link":"https:\/\/diarioregionaldigital.com.br\/?p=79737","title":{"rendered":"O presidente e a luta para manter o poder"},"content":{"rendered":"<p>Mesmo acossado pelo pedido da autoriza\u00e7\u00e3o legislativa para que seja processado, o presidente Michel Temer trabalha forte no Legislativo para aprovar os seus projetos.<\/p>\n<p>A aprova\u00e7\u00e3o, pelo Senado Federal, do regime de urg\u00eancia para o projeto da Reforma Trabalhista, que garante a inclus\u00e3o da mat\u00e9ria na pauta da pr\u00f3xima ter\u00e7a-feira, \u00e9 uma prova de for\u00e7a do governo.<\/p>\n<p>Se a mat\u00e9ria for aprovada, ser\u00e1 mais um refor\u00e7o na estrutura do governo que busca se livrar dos problemas pol\u00edtico-judiciais, mas ainda n\u00e3o representar\u00e1 a garantia de rejei\u00e7\u00e3o da autoriza\u00e7\u00e3o para o STF (Supremo Tribunal Federal) processar o presidente.<\/p>\n<p>Isso porque a vota\u00e7\u00e3o ser\u00e1 no Senado e a ordem \u2013 para processar ou n\u00e3o \u2013 \u00e9 de compet\u00eancia da C\u00e2mara dos Deputados, onde ainda levar\u00e1 algumas semanas para chegar ao ponto de decis\u00e3o.<\/p>\n<p>A cr\u00f4nica de Bras\u00edlia diz que Temer est\u00e1 removendo montanhas para conseguir e, se poss\u00edvel superar, os 172 votos necess\u00e1rios para barrar a abertura do procedimento no STF. Fala-se em libera\u00e7\u00e3o de emendas parlamentares, empr\u00e9stimos e outras benesses como contrapartida, o que pode at\u00e9 ser legal, mas n\u00e3o \u00e9 \u00e9tico, embora tenha sido procedimento habitual nas ultimas d\u00e9cadas em que os governos funcionaram na base da coaliz\u00e3o.<\/p>\n<p>A incerteza, no entanto, vem das v\u00e1rias den\u00fancias que o procurador Rodrigo Janot deve apresentar contra o presidente nos pr\u00f3ximos dias. Elas poder\u00e3o enfraquecer o seu poderio pol\u00edtico, impossibilitando-o de alcan\u00e7ar os votos parlamentares suficientes para n\u00e3o responder pelos crimes de que \u00e9 denunciado.<\/p>\n<p>A reforma trabalhista, que j\u00e1 passou pela C\u00e2mara e na ter\u00e7a-feira deve ser votada no Senado, modifica artigos da septuagen\u00e1ria CLT (Consolida\u00e7\u00e3o das Leis do Trabalho) para dar mais for\u00e7a aos acordos entre empregadores e empregados, permitir jornadas diferenciadas e eliminar o imposto sindical compuls\u00f3rio.<\/p>\n<p>\u00c9 bem prov\u00e1vel virmos a assistir, nos pr\u00f3ximos dias, manifesta\u00e7\u00f5es de sindicatos contra o projeto, que tira a sua renda sem a presta\u00e7\u00e3o de servi\u00e7os.<\/p>\n<p>O presidente Michel Temer e seus ministros mais pr\u00f3ximos vivem o inferno pol\u00edtico. Parece ter chegado a hora do tudo ou nada. Se vencer a vota\u00e7\u00e3o na C\u00e2mara dos Deputados, o governo continua e tende a chegar at\u00e9 o dia 31 de dezembro de 2018, mesmo que sem a for\u00e7a dos primeiros tempos.<\/p>\n<p>Mas, se perder, dificilmente se aplumar\u00e1 novamente, pois al\u00e9m do afastamento, as den\u00fancias ganhar\u00e3o vigor e tender\u00e3o a afogar politicamente o grupo. Vivemos a incerteza, altamente prejudicial ao pa\u00eds que, cada dia mais, carece de uma defini\u00e7\u00e3o&#8230;<\/p>\n<hr \/>\n<p>&nbsp;<strong>Tenente Dirceu Cardoso Gon\u00e7alves, dirigente da ASPOMIL (Associa\u00e7\u00e3o de&nbsp;Assist. Social dos Policiais Militares de S\u00e3o Paulo<\/strong>)<\/p>\n","protected":false},"excerpt":{"rendered":"<p>Mesmo acossado pelo pedido da autoriza\u00e7\u00e3o legislativa para que seja processado, o presidente Michel Temer trabalha forte no Legislativo para aprovar os seus projetos. A aprova\u00e7\u00e3o, pelo Senado Federal, do regime de urg\u00eancia para o projeto da Reforma Trabalhista, que garante a inclus\u00e3o da mat\u00e9ria na pauta da pr\u00f3xima ter\u00e7a-feira, \u00e9 uma prova de for\u00e7a [&hellip;]<\/p>\n","protected":false},"author":96,"featured_media":79736,"comment_status":"closed","ping_status":"closed","sticky":false,"template":"","format":"standard","meta":{"footnotes":""},"categories":[291],"tags":[],"class_list":["post-79737","post","type-post","status-publish","format-standard","has-post-thumbnail","hentry","category-versoes-artigos-de-opiniao"],"_links":{"self":[{"href":"https:\/\/diarioregionaldigital.com.br\/index.php?rest_route=\/wp\/v2\/posts\/79737","targetHints":{"allow":["GET"]}}],"collection":[{"href":"https:\/\/diarioregionaldigital.com.br\/index.php?rest_route=\/wp\/v2\/posts"}],"about":[{"href":"https:\/\/diarioregionaldigital.com.br\/index.php?rest_route=\/wp\/v2\/types\/post"}],"author":[{"embeddable":true,"href":"https:\/\/diarioregionaldigital.com.br\/index.php?rest_route=\/wp\/v2\/users\/96"}],"replies":[{"embeddable":true,"href":"https:\/\/diarioregionaldigital.com.br\/index.php?rest_route=%2Fwp%2Fv2%2Fcomments&post=79737"}],"version-history":[{"count":0,"href":"https:\/\/diarioregionaldigital.com.br\/index.php?rest_route=\/wp\/v2\/posts\/79737\/revisions"}],"wp:featuredmedia":[{"embeddable":true,"href":"https:\/\/diarioregionaldigital.com.br\/index.php?rest_route=\/wp\/v2\/media\/79736"}],"wp:attachment":[{"href":"https:\/\/diarioregionaldigital.com.br\/index.php?rest_route=%2Fwp%2Fv2%2Fmedia&parent=79737"}],"wp:term":[{"taxonomy":"category","embeddable":true,"href":"https:\/\/diarioregionaldigital.com.br\/index.php?rest_route=%2Fwp%2Fv2%2Fcategories&post=79737"},{"taxonomy":"post_tag","embeddable":true,"href":"https:\/\/diarioregionaldigital.com.br\/index.php?rest_route=%2Fwp%2Fv2%2Ftags&post=79737"}],"curies":[{"name":"wp","href":"https:\/\/api.w.org\/{rel}","templated":true}]}}