{"id":79735,"date":"2017-08-24T00:49:55","date_gmt":"2017-08-24T03:49:55","guid":{"rendered":"http:\/\/diarioregionaljf.com.br\/2017\/08\/24\/o-politico-e-a-revolucao-do-voto\/"},"modified":"2017-08-24T00:49:55","modified_gmt":"2017-08-24T03:49:55","slug":"o-politico-e-a-revolucao-do-voto","status":"publish","type":"post","link":"https:\/\/diarioregionaldigital.com.br\/?p=79735","title":{"rendered":"O pol\u00edtico e a revolu\u00e7\u00e3o do voto"},"content":{"rendered":"<p>Foram poucas as \u00e9pocas em que a figura do pol\u00edtico brasileiro esteve t\u00e3o desgastada. Os malfeitos j\u00e1 apurados e em apura\u00e7\u00e3o t\u00eam servido para estabelecer a m\u00e1 imagem da classe que, infelizmente, pouco ou nada tem feito para contradizer aqueles que a massacram.<\/p>\n<p>A atual democracia brasileira, cantada em prosa e verso nas suas tr\u00eas d\u00e9cadas de exist\u00eancia, est\u00e1 doente. Seus operadores n\u00e3o souberam oper\u00e1-la com responsabilidade e de forma a fortalec\u00ea-la. Equivocadamente, para se dizerem democratas e diferentes dos antecessores que classificavam como ditadores, cultivaram uma rep\u00fablica de direitos sem obriga\u00e7\u00f5es correspondentes e se esqueceram que a vida &#8211; tanto das pessoas quanto de um pa\u00eds &#8211; tem tudo a ver com a aritm\u00e9tica e, para dar certo, a conta tem de fechar.<\/p>\n<p>A corrup\u00e7\u00e3o, o enriquecimento il\u00edcito e todo o sentimento negativo que hoje assolam o pa\u00eds s\u00e3o resultados do pouco apre\u00e7o \u00e0 retid\u00e3o e \u00e0 cultura de cada coisa em seu devido lugar. Os pol\u00edticos &#8211; principais agentes do tempo democr\u00e1tico &#8211; pouco se importaram em custear suas campanhas com o dinheiro recebido da corrup\u00e7\u00e3o, do crime ou de qualquer outra fonte que os pudessem manter de rabo preso. O resultado n\u00e3o poderia ser diferente daquele que hoje vemos nas p\u00e1ginas dos jornais, no r\u00e1dio e na televis\u00e3o e nas p\u00e1ginas das redes sociais.<\/p>\n<p>Tudo isso \u00e9 muito ruim, pois coloca o pa\u00eds na condi\u00e7\u00e3o de barco \u00e0 deriva e com desigualdade cada dia maior.<\/p>\n<p>\u00c9 preciso fazer algo para resgatar a imagem do pol\u00edtico brasileiro. A sociedade carece do seu trabalho franco e consciente e sem ele n\u00e3o pode sobreviver.<\/p>\n<p>Mas o pr\u00f3prio pol\u00edtico tem de se respeitar e entender em primeiro lugar que pol\u00edtica n\u00e3o \u00e9 profiss\u00e3o, mas a forma do cidad\u00e3o participar da constru\u00e7\u00e3o de uma sociedade melhor. \u00c9 necess\u00e1rio dizer isso ao povo e lembrar que na medida em que abominamos a pol\u00edtica, abrimos chance para que os demais decidam pela gente e o fa\u00e7am de acordo com os seus interesses, n\u00e3o os nossos.<\/p>\n<p>Nestes dias, assistimos a movimenta\u00e7\u00e3o do presidente, objetivando conquistar os votos necess\u00e1rios para n\u00e3o ser afastado do poder. Fala-se em libera\u00e7\u00e3o de muito dinheiro para os deputados votantes e de outras benesses.<\/p>\n<p>Independente do resultado da vota\u00e7\u00e3o, a classe pol\u00edtica sair\u00e1 manchada e mais desprestigiada ainda. Temos de lutar para que epis\u00f3dios como este n\u00e3o se repitam. \u00c9 preciso acabar com a cultura do poder a qualquer pre\u00e7o e at\u00e9 em troca da dignidade.<\/p>\n<p>O brasileiro precisa se conscientizar de que sua oportunidade de mudar as coisas s\u00f3 acontece a cada quatro anos, nas elei\u00e7\u00f5es onde se renovam os cargos de presidente, senador, deputado, governador, prefeito e at\u00e9 de vereador. Se aquele em que voc\u00ea votou nas elei\u00e7\u00f5es passadas n\u00e3o foi bem, procure outro que possa fazer melhor.<\/p>\n<p>Importante destacar que, para ser duradoura, a solu\u00e7\u00e3o tem de vir das urnas. A \u00fanica revolu\u00e7\u00e3o que devemos admitir \u00e9 a do voto consciente. Jamais as l\u00e1grimas e o ranger de dentes da interven\u00e7\u00e3o militar ou do apoio b\u00e9lico das For\u00e7as Armadas.<\/p>\n<hr \/>\n<p>&nbsp;<strong>Tenente Dirceu Cardoso Gon\u00e7alves, dirigente da ASPOMIL (Associa\u00e7\u00e3o de&nbsp;Assist. Social dos Policiais Militares de S\u00e3o Paulo<\/strong>)&nbsp;<\/p>\n","protected":false},"excerpt":{"rendered":"<p>Foram poucas as \u00e9pocas em que a figura do pol\u00edtico brasileiro esteve t\u00e3o desgastada. Os malfeitos j\u00e1 apurados e em apura\u00e7\u00e3o t\u00eam servido para estabelecer a m\u00e1 imagem da classe que, infelizmente, pouco ou nada tem feito para contradizer aqueles que a massacram. A atual democracia brasileira, cantada em prosa e verso nas suas tr\u00eas [&hellip;]<\/p>\n","protected":false},"author":96,"featured_media":79734,"comment_status":"closed","ping_status":"closed","sticky":false,"template":"","format":"standard","meta":{"footnotes":""},"categories":[291],"tags":[],"class_list":["post-79735","post","type-post","status-publish","format-standard","has-post-thumbnail","hentry","category-versoes-artigos-de-opiniao"],"_links":{"self":[{"href":"https:\/\/diarioregionaldigital.com.br\/index.php?rest_route=\/wp\/v2\/posts\/79735","targetHints":{"allow":["GET"]}}],"collection":[{"href":"https:\/\/diarioregionaldigital.com.br\/index.php?rest_route=\/wp\/v2\/posts"}],"about":[{"href":"https:\/\/diarioregionaldigital.com.br\/index.php?rest_route=\/wp\/v2\/types\/post"}],"author":[{"embeddable":true,"href":"https:\/\/diarioregionaldigital.com.br\/index.php?rest_route=\/wp\/v2\/users\/96"}],"replies":[{"embeddable":true,"href":"https:\/\/diarioregionaldigital.com.br\/index.php?rest_route=%2Fwp%2Fv2%2Fcomments&post=79735"}],"version-history":[{"count":0,"href":"https:\/\/diarioregionaldigital.com.br\/index.php?rest_route=\/wp\/v2\/posts\/79735\/revisions"}],"wp:featuredmedia":[{"embeddable":true,"href":"https:\/\/diarioregionaldigital.com.br\/index.php?rest_route=\/wp\/v2\/media\/79734"}],"wp:attachment":[{"href":"https:\/\/diarioregionaldigital.com.br\/index.php?rest_route=%2Fwp%2Fv2%2Fmedia&parent=79735"}],"wp:term":[{"taxonomy":"category","embeddable":true,"href":"https:\/\/diarioregionaldigital.com.br\/index.php?rest_route=%2Fwp%2Fv2%2Fcategories&post=79735"},{"taxonomy":"post_tag","embeddable":true,"href":"https:\/\/diarioregionaldigital.com.br\/index.php?rest_route=%2Fwp%2Fv2%2Ftags&post=79735"}],"curies":[{"name":"wp","href":"https:\/\/api.w.org\/{rel}","templated":true}]}}