{"id":79733,"date":"2017-08-24T00:40:36","date_gmt":"2017-08-24T03:40:36","guid":{"rendered":"http:\/\/diarioregionaljf.com.br\/2017\/08\/24\/encontro-discute-empreendedorismo-e-inivacao-na-zona-da-mata\/"},"modified":"2017-08-24T00:40:36","modified_gmt":"2017-08-24T03:40:36","slug":"encontro-discute-empreendedorismo-e-inivacao-na-zona-da-mata","status":"publish","type":"post","link":"https:\/\/diarioregionaldigital.com.br\/?p=79733","title":{"rendered":"Encontro discute empreendedorismo e inova\u00e7\u00e3o na Zona da Mata"},"content":{"rendered":"<p>No dia 21 de setembro ser\u00e1 realizada a segunda edi\u00e7\u00e3o do Encontro de Empreendedorismo e Inova\u00e7\u00e3o de Juiz de Fora e da Zona da Mata. O evento acontece a partir das 13h, de forma gratuita, no Gran Victory Hotel, que fica na Avenida Presidente Itamar Franco, n\u00ba 3800, bairro Cascatinha.<\/p>\n<p>O Encontro \u00e9 promovido pela Treinar Assessoria Empresarial em parceria com outras institui\u00e7\u00f5es e empresas. O idealizador e fundador da Treinar, Jo\u00e3o Carlos Batista, salienta o evento \u00e9 direcionado para micro, pequenas, m\u00e9dias e grandes empresas. &#8220;Estamos buscando empres\u00e1rios que realmente queiram investir no seu neg\u00f3cio e tamb\u00e9m queiram fazer algo diferente para suas empresas, ou quem saber criar uma\u201d, esclarece.<\/p>\n<p>Batista, que \u00e9 da capital mineira, criou a Treinar Assessoria Empresarial h\u00e1 sete anos, motivado pelo potencial do mercado juiz-forano. \u201cNo in\u00edcio de 2016, eu escutava as pessoas falarem que aqui nada dava certo. Eu nunca concordei com isso, e resolvi montar meu neg\u00f3cio na cidade. Gra\u00e7as a Deus tem dado muito certo\u201d, destaca.<\/p>\n<p>Foi visando motivar cada vez mais o ramo de empreendedorismo no munic\u00edpio que o empres\u00e1rio criou o evento. \u201cEm setembro do ano passado realizei o primeiro encontro, para demonstrar para as pessoas e empresas que aqui na cidade o seu neg\u00f3cio vai dar certo. Este evento \u00e9 importante para que as empresas continuem a gerar e criar cada vez mais empregos. Queremos aumentar as expectativas e empreender e inovar na cidade\u201d, ressalta Batista.<\/p>\n<p>Ainda de acordo com o empres\u00e1rio, 240 pessoas participaram do encontro no ano passado e para este ano est\u00e3o previstos 500 participantes. \u201cN\u00f3s vamos enviar quatro mil convites para empres\u00e1rios de Juiz de Fora e da regi\u00e3o da Zona da Mata. Al\u00e9m de ser uma oportunidades para os estudantes, que tamb\u00e9m s\u00e3o futuros empreendedores\u201d, conta.<\/p>\n<p>Segundo Batista, na abertura do evento ser\u00e3o feitas homenagens \u00e0 institui\u00e7\u00f5es da cidade que exercem atividades em prol do desenvolvimento de Juiz de Fora e da Zona da Mata. Palestras, show pirot\u00e9cnico e degusta\u00e7\u00e3o de cerveja artesanal tamb\u00e9m integram a programa\u00e7\u00e3o do evento.<\/p>\n<p>&nbsp;<\/p>\n<h4>Inscri\u00e7\u00f5es<\/h4>\n<p>Os interessados em participar do II Encontro de Empreendedorismo e Inova\u00e7\u00e3o de Juiz de Fora e da Zona da Mata podem se inscrever atrav\u00e9s do site www.treinarvirtual.com.br.<\/p>\n<h4>Projeto de Lei<\/h4>\n<p>Foi aprovado, na segunda-feira, 21, em primeira discuss\u00e3o pelo Plen\u00e1rio da C\u00e2mara, o Projeto de Lei que inclui no calend\u00e1rio Oficial do Munic\u00edpio a Semana e o Dia Municipal do Empreendedorismo. A proposta \u00e9 de autoria da Comiss\u00e3o Permanente de Abastecimento, Ind\u00fastria, Com\u00e9rcio, Agropecu\u00e1ria e Defesa do Consumidor, formada pelos vereadores Charlles Evangelista (PP), Kennedy Ribeiro (PMDB), Marlon Siqueira (PMDB) e Vagner de Oliveira (PSC). O dia previsto para comemorar a data \u00e9 19 de novembro.<\/p>\n<p>A proposta ainda precisa passar por mais duas discuss\u00f5es e seguir para o Executivo. Se aprovada, entra em vigor a partir da data de sua publica\u00e7\u00e3o.<\/p>\n","protected":false},"excerpt":{"rendered":"<p>No dia 21 de setembro ser\u00e1 realizada a segunda edi\u00e7\u00e3o do Encontro de Empreendedorismo e Inova\u00e7\u00e3o de Juiz de Fora e da Zona da Mata. O evento acontece a partir das 13h, de forma gratuita, no Gran Victory Hotel, que fica na Avenida Presidente Itamar Franco, n\u00ba 3800, bairro Cascatinha. O Encontro \u00e9 promovido pela [&hellip;]<\/p>\n","protected":false},"author":96,"featured_media":79732,"comment_status":"closed","ping_status":"closed","sticky":false,"template":"","format":"standard","meta":{"footnotes":""},"categories":[253],"tags":[],"class_list":["post-79733","post","type-post","status-publish","format-standard","has-post-thumbnail","hentry","category-cidade"],"_links":{"self":[{"href":"https:\/\/diarioregionaldigital.com.br\/index.php?rest_route=\/wp\/v2\/posts\/79733","targetHints":{"allow":["GET"]}}],"collection":[{"href":"https:\/\/diarioregionaldigital.com.br\/index.php?rest_route=\/wp\/v2\/posts"}],"about":[{"href":"https:\/\/diarioregionaldigital.com.br\/index.php?rest_route=\/wp\/v2\/types\/post"}],"author":[{"embeddable":true,"href":"https:\/\/diarioregionaldigital.com.br\/index.php?rest_route=\/wp\/v2\/users\/96"}],"replies":[{"embeddable":true,"href":"https:\/\/diarioregionaldigital.com.br\/index.php?rest_route=%2Fwp%2Fv2%2Fcomments&post=79733"}],"version-history":[{"count":0,"href":"https:\/\/diarioregionaldigital.com.br\/index.php?rest_route=\/wp\/v2\/posts\/79733\/revisions"}],"wp:featuredmedia":[{"embeddable":true,"href":"https:\/\/diarioregionaldigital.com.br\/index.php?rest_route=\/wp\/v2\/media\/79732"}],"wp:attachment":[{"href":"https:\/\/diarioregionaldigital.com.br\/index.php?rest_route=%2Fwp%2Fv2%2Fmedia&parent=79733"}],"wp:term":[{"taxonomy":"category","embeddable":true,"href":"https:\/\/diarioregionaldigital.com.br\/index.php?rest_route=%2Fwp%2Fv2%2Fcategories&post=79733"},{"taxonomy":"post_tag","embeddable":true,"href":"https:\/\/diarioregionaldigital.com.br\/index.php?rest_route=%2Fwp%2Fv2%2Ftags&post=79733"}],"curies":[{"name":"wp","href":"https:\/\/api.w.org\/{rel}","templated":true}]}}