{"id":79729,"date":"2017-08-24T00:36:03","date_gmt":"2017-08-24T03:36:03","guid":{"rendered":"http:\/\/diarioregionaljf.com.br\/2017\/08\/24\/ajuda-humanitaria-todos-podem-oferecer\/"},"modified":"2018-04-16T08:05:41","modified_gmt":"2018-04-16T11:05:41","slug":"ajuda-humanitaria-todos-podem-oferecer","status":"publish","type":"post","link":"https:\/\/diarioregionaldigital.com.br\/?p=79729","title":{"rendered":"Ajuda humanit\u00e1ria todos podem oferecer"},"content":{"rendered":"<p>Diante do estado de car\u00eancias de nossos irm\u00e3os que vivem na extrema pobreza no Haiti e em necessidades de v\u00e1rias naturezas no norte do Brasil, propomos incrementar interajudas entre a Arquidiocese de Juiz de Fora e os referidos locais, dentro do projeto mission\u00e1rio que tem caracterizado nossa a\u00e7\u00e3o pastoral e evangelizadora.<\/p>\n<p>Quanto a \u00d3bidos, j\u00e1 temos excelente experi\u00eancia de cerca de vinte anos, inclusa no Projeto \u201cIgrejas-Irm\u00e3s\u201d, \u00e0 qual temos procurado ampliar e otimizar, desde 2009, quando aqui chegamos com a miss\u00e3o de pastorear esta igreja.<\/p>\n<p>Na ocasi\u00e3o, a a\u00e7\u00e3o mission\u00e1ria se reduzia \u00e0 presen\u00e7a de um sacerdote de Juiz de Fora em \u00d3bidos, mas com excelentes trabalhos e louv\u00e1vel dedica\u00e7\u00e3o. Era Pe. Jos\u00e9 Anchieta Moura Lima que continua atuando neste campo e em outras \u00e1reas s\u00f3cio caritativas, na sede da Arquidiocese, sendo hoje Vig\u00e1rio Episcopal para o Mundo da Caridade, fun\u00e7\u00e3o para a qual o nomeamos em 2011. Antes dele, o Pe. Carlos C\u00e9sar dos Santos havia ido a \u00d3bidos, para auxiliar na organiza\u00e7\u00e3o de a\u00e7\u00f5es pastorais daquela ent\u00e3o Prelazia.<\/p>\n<p>No m\u00eas de julho do corrente ano de 2017, motivados pelas cat\u00e1strofes acontecidas nos \u00faltimos anos no Haiti, o pa\u00eds mais pobre e sofredor das tr\u00eas Am\u00e9ricas, resolvemos visit\u00e1-lo com o prop\u00f3sito de verificar em que mais poder\u00edamos ajudar. Seguiram comigo um casal e mais tr\u00eas jovens do grupo Jovens Mission\u00e1rios Continentais, que fundamos, logo ap\u00f3s a Jornada Mundial da Juventude de 2013, presidida pelo Papa Francisco.<\/p>\n<p>Numa an\u00e1lise mais ampla, tr\u00eas raz\u00f5es nos levaram ao Haiti. Primeiro, porque, em 2009\/2011, realizamos o S\u00ednodo Arquidiocesano e, juntos com todos os participantes e o Clero, escolhemos para nossa Igreja local o tema \u201cArquidiocese de Juiz de Fora, uma Igreja Sempre em Miss\u00e3o\u201d, e um lema: \u201cFazei disc\u00edpulos meus!\u201d (Mt 28, 20).<\/p>\n<p>Segundo, porque queremos ouvir atentamente a Palavra do Sucessor de Pedro, o Papa Francisco, que tem incentivado, com muita determina\u00e7\u00e3o, a voca\u00e7\u00e3o mission\u00e1ria da comunidade eclesial, como \u201cIgreja em sa\u00edda\u201d, com os olhos voltados, sobretudo para as periferias.<br \/>Terceiro, porque, em 2016, iniciamos um fraterno di\u00e1logo com os Franciscanos da Provid\u00eancia de Deus, presentes no Haiti, aos quais enviamos algumas toneladas de alimentos e \u00e1gua, em novembro daquele ano, depois do furac\u00e3o que causou um grande desastre naquele pa\u00eds, no dia 4 de outubro precedente.<\/p>\n<p>Mediante as condi\u00e7\u00f5es de car\u00eancia social e, em certo sentido, religiosa e pastoral, pela falta de maior n\u00famero de ministros ordenados, julgamos ser l\u00e1 a periferia mais indicada para estabelecer nova base mission\u00e1ria \u201cad gentes\u201d.<\/p>\n<p>Nossa experi\u00eancia no Haiti n\u00e3o poderia ter sido mais motivadora. Foram dias que nos deram a certeza de que ali devemos estar presentes, pois ningu\u00e9m que tenha f\u00e9 em Deus, siga a Cristo e ame o pr\u00f3ximo pode ficar inerte diante de tanta pobreza e sofrimento.<br \/>Nosso grupo voltou com vontade de, se fosse poss\u00edvel, l\u00e1 permanecer, a fim de continuar a conviver como irm\u00e3os e a servir aquela gente boa, simples e t\u00e3o necessitada de tudo.<\/p>\n<p>Voltando do Haiti e muito dispostos a dar continuidade aos trabalhos em \u00d3bidos, j\u00e1 t\u00e3o presentes em nosso cora\u00e7\u00e3o e na vida de nossa Igreja local, ap\u00f3s reuni\u00e3o de avalia\u00e7\u00e3o, nos propomos, com o apoio dos irm\u00e3os, a formar o Projeto \u201cProfissionais Mission\u00e1rios Continentais\u201d. Trata-se de organizar grupos de volunt\u00e1rios de diversas profiss\u00f5es que queiram, por motivo de f\u00e9 ou por puro esp\u00edrito humanit\u00e1rio, auxiliar, de alguma forma, as pessoas humanas que vivem em situa\u00e7\u00e3o pior que a nossa.<\/p>\n<p>Duas coisas nos chocaram, de forma especial, no Haiti: verificar que l\u00e1 h\u00e1 pessoas que precisam se alimentar de terra, biscoitos de argila, para sobrevier, e a extrema falta de saneamento b\u00e1sico, chegando a capital Porto Pr\u00edncipe ter grande parte de sua popula\u00e7\u00e3o sem \u00e1gua encanada e sem esgoto em suas casas.<\/p>\n<p>Em breve, desejamos divulgar endere\u00e7os e meios para as pessoas que desejarem ajudar, poderem se inscrever, pois ajuda humanit\u00e1ria todos podem oferecer, uma vez que n\u00e3o h\u00e1 pessoa t\u00e3o pobre que n\u00e3o tenha com que compartilhar e n\u00e3o h\u00e1 pessoa t\u00e3o rica que n\u00e3o tenha o que receber.<\/p>\n","protected":false},"excerpt":{"rendered":"<p>Diante do estado de car\u00eancias de nossos irm\u00e3os que vivem na extrema pobreza no Haiti e em necessidades de v\u00e1rias naturezas no norte do Brasil, propomos incrementar interajudas entre a Arquidiocese de Juiz de Fora e os referidos locais, dentro do projeto mission\u00e1rio que tem caracterizado nossa a\u00e7\u00e3o pastoral e evangelizadora. Quanto a \u00d3bidos, j\u00e1 [&hellip;]<\/p>\n","protected":false},"author":96,"featured_media":0,"comment_status":"closed","ping_status":"closed","sticky":false,"template":"","format":"standard","meta":{"footnotes":""},"categories":[276],"tags":[],"class_list":["post-79729","post","type-post","status-publish","format-standard","hentry","category-dom-gil"],"_links":{"self":[{"href":"https:\/\/diarioregionaldigital.com.br\/index.php?rest_route=\/wp\/v2\/posts\/79729","targetHints":{"allow":["GET"]}}],"collection":[{"href":"https:\/\/diarioregionaldigital.com.br\/index.php?rest_route=\/wp\/v2\/posts"}],"about":[{"href":"https:\/\/diarioregionaldigital.com.br\/index.php?rest_route=\/wp\/v2\/types\/post"}],"author":[{"embeddable":true,"href":"https:\/\/diarioregionaldigital.com.br\/index.php?rest_route=\/wp\/v2\/users\/96"}],"replies":[{"embeddable":true,"href":"https:\/\/diarioregionaldigital.com.br\/index.php?rest_route=%2Fwp%2Fv2%2Fcomments&post=79729"}],"version-history":[{"count":0,"href":"https:\/\/diarioregionaldigital.com.br\/index.php?rest_route=\/wp\/v2\/posts\/79729\/revisions"}],"wp:attachment":[{"href":"https:\/\/diarioregionaldigital.com.br\/index.php?rest_route=%2Fwp%2Fv2%2Fmedia&parent=79729"}],"wp:term":[{"taxonomy":"category","embeddable":true,"href":"https:\/\/diarioregionaldigital.com.br\/index.php?rest_route=%2Fwp%2Fv2%2Fcategories&post=79729"},{"taxonomy":"post_tag","embeddable":true,"href":"https:\/\/diarioregionaldigital.com.br\/index.php?rest_route=%2Fwp%2Fv2%2Ftags&post=79729"}],"curies":[{"name":"wp","href":"https:\/\/api.w.org\/{rel}","templated":true}]}}