{"id":79349,"date":"2017-08-17T20:23:35","date_gmt":"2017-08-17T23:23:35","guid":{"rendered":"http:\/\/diarioregionaljf.com.br\/2017\/08\/17\/aposentado-pode-consultar-1-parcela-do-13-a-partir-dessa-sexta-feira\/"},"modified":"2017-08-17T20:23:35","modified_gmt":"2017-08-17T23:23:35","slug":"aposentado-pode-consultar-1-parcela-do-13-a-partir-dessa-sexta-feira","status":"publish","type":"post","link":"https:\/\/diarioregionaldigital.com.br\/?p=79349","title":{"rendered":"Aposentado pode consultar 1\u00b0 parcela do 13\u00b0 a partir dessa sexta-feira"},"content":{"rendered":"<p>O Instituto Nacional do Seguro Social (INSS) come\u00e7a a liberar nessa sexta-feira, 18, a consulta ao extrato das aposentadorias e pens\u00f5es de agosto, incluindo a primeira parcela do 13\u00b0 sal\u00e1rio. O dinheiro cair\u00e1 na conta dos beneficiados a partir do dia 25. Os pagamentos seguem at\u00e9 o dia 8 de setembro, conforme o n\u00famero do final do benef\u00edcio.<\/p>\n<p>Segundo a Secret\u00e1ria de Previd\u00eancia, a maioria dos segurados conseguir\u00e1 fazer a consulta ao extrato a partir dessa sexta-feira, mas os dados devem estar dispon\u00edveis para todos os 29,4 milh\u00f5es de benefici\u00e1rios at\u00e9 a pr\u00f3xima semana, quando come\u00e7am os pagamentos.<\/p>\n<p>Neste ano, a consulta ao extrato na internet \u00e9 feita pelo portal \u201cMEU INSS\u201d (meu.inss.gov.br). Ser\u00e1 preciso cadastrar uma senha para acessar o novo sistema de servi\u00e7os do \u00f3rg\u00e3o.<\/p>\n<p>O cadastro \u00e9 totalmente on-line, se o segurado acertar todas as perguntas feitas pelo INSS sobre seus empregos antigos e contribui\u00e7\u00f5es previdenci\u00e1rias. Se tiver dificuldades, o segurado pode ir at\u00e9 uma ag\u00eancia da Previd\u00eancia Social ou ligar para a Central, 135.<\/p>\n<p>A consulta ao extrato ainda pode ser feita no banco onde o benef\u00edcio \u00e9 recebido e no posto do INSS, sem a necessidade de agendamento.<br \/>O adiantamento da primeira metade do abono de Natal foi confirmado pelo governo em decreto publicado no final de junho, no \u201cDi\u00e1rio Oficial da Uni\u00e3o\u201d. A antecipa\u00e7\u00e3o \u00e9 feita h\u00e1 mais de dez anos, por acordo fechado entre governo e centrais sindicais.<\/p>\n<p>Benef\u00edcios que j\u00e1 estavam sendo pagos em janeiro deste ano t\u00eam direito ao adiantamento de 50% do abono. Quem passou a receber a quantia ter\u00e1 um adiantamento proporcional.<\/p>\n<p>A primeira parcela n\u00e3o tem desconto do Imposto de Renda. O tributo s\u00f3 \u00e9 descontado na segunda parcela, em novembro. Quem teve o benef\u00edcio liberado ap\u00f3s o dia 12 de agosto receber\u00e1 o 13\u00b0 em uma nova parcela, tamb\u00e9m em novembro.<\/p>\n<h4>CALEND\u00c1RIO DE PAGAMENTOS<\/h4>\n<p>A data do dep\u00f3sito varia de acordo com o valor do benef\u00edcio e o n\u00famero final do cart\u00e3o, sem o digito.<\/p>\n<h4>PRIMEIRA PARCELA<\/h4>\n<h6>\u2022 Para benef\u00edcios de at\u00e9 um sal\u00e1rio m\u00ednimo (R$937, neste ano)<\/h6>\n<table>\n<tbody>\n<tr>\n<td style=\"width: 170px; text-align: center;\"><strong>FINAL DO CART\u00c3O<\/strong><\/td>\n<td style=\"width: 170px; text-align: center;\"><strong>DATA PAGAMENTO<\/strong><\/td>\n<\/tr>\n<tr>\n<td style=\"width: 170px; text-align: center;\"><span>1<\/span><\/td>\n<td style=\"width: 170px; text-align: center;\"><span>25 de agosto<\/span><\/td>\n<\/tr>\n<tr>\n<td style=\"width: 170px; text-align: center;\"><span>2<\/span><\/td>\n<td style=\"width: 170px; text-align: center;\"><span>28 de agosto<\/span><\/td>\n<\/tr>\n<tr>\n<td style=\"width: 170px; text-align: center;\"><span>3<\/span><\/td>\n<td style=\"width: 170px; text-align: center;\"><span>29 de agosto<\/span><\/td>\n<\/tr>\n<tr>\n<td style=\"width: 170px; text-align: center;\"><span>4<\/span><\/td>\n<td style=\"width: 170px; text-align: center;\"><span>30 de agosto<\/span><\/td>\n<\/tr>\n<tr>\n<td style=\"width: 170px; text-align: center;\"><span>5<\/span><\/td>\n<td style=\"width: 170px; text-align: center;\"><span>31 de agosto<\/span><\/td>\n<\/tr>\n<tr>\n<td style=\"width: 170px; text-align: center;\"><span>6<\/span><\/td>\n<td style=\"width: 170px; text-align: center;\"><span>1\u00b0 de setembro<\/span><\/td>\n<\/tr>\n<tr>\n<td style=\"width: 170px; text-align: center;\"><span>7<\/span><\/td>\n<td style=\"width: 170px; text-align: center;\"><span>4 de setembro<\/span><\/td>\n<\/tr>\n<tr>\n<td style=\"width: 170px; text-align: center;\"><span>8<\/span><\/td>\n<td style=\"width: 170px; text-align: center;\"><span>5 de setembro<\/span><\/td>\n<\/tr>\n<tr>\n<td style=\"width: 170px; text-align: center;\"><span>9<\/span><\/td>\n<td style=\"width: 170px; text-align: center;\"><span>6 de setembro<\/span><\/td>\n<\/tr>\n<tr>\n<td style=\"width: 170px; text-align: center;\"><span>0<\/span><\/td>\n<td style=\"width: 170px; text-align: center;\"><span>8 de setembro<\/span><\/td>\n<\/tr>\n<\/tbody>\n<\/table>\n<p>&nbsp;<\/p>\n<h6>\u2022 Para benef\u00edcios acima de um sal\u00e1rio m\u00ednimo<\/h6>\n<table>\n<tbody>\n<tr>\n<td style=\"width: 171px; text-align: center;\"><strong>FINAL DO CART\u00c3O<\/strong><\/td>\n<td style=\"width: 171px; text-align: center;\"><strong>DATA PAGAMENTO<\/strong><\/td>\n<\/tr>\n<tr>\n<td style=\"width: 171px; text-align: center;\">1 e 6<\/td>\n<td style=\"width: 171px; text-align: center;\">1\u00b0 de setembro<\/td>\n<\/tr>\n<tr>\n<td style=\"width: 171px; text-align: center;\">2 e 7<\/td>\n<td style=\"width: 171px; text-align: center;\">4 de setembro<\/td>\n<\/tr>\n<tr>\n<td style=\"width: 171px; text-align: center;\">3 e 8<\/td>\n<td style=\"width: 171px; text-align: center;\">5 de setembro<\/td>\n<\/tr>\n<tr>\n<td style=\"width: 171px; text-align: center;\">4 e 9<\/td>\n<td style=\"width: 171px; text-align: center;\">6 de setembro<\/td>\n<\/tr>\n<tr>\n<td style=\"width: 171px; text-align: center;\">5 e 0<\/td>\n<td style=\"width: 171px; text-align: center;\">8 de setembro<\/td>\n<\/tr>\n<\/tbody>\n<\/table>\n","protected":false},"excerpt":{"rendered":"<p>O Instituto Nacional do Seguro Social (INSS) come\u00e7a a liberar nessa sexta-feira, 18, a consulta ao extrato das aposentadorias e pens\u00f5es de agosto, incluindo a primeira parcela do 13\u00b0 sal\u00e1rio. O dinheiro cair\u00e1 na conta dos beneficiados a partir do dia 25. Os pagamentos seguem at\u00e9 o dia 8 de setembro, conforme o n\u00famero do [&hellip;]<\/p>\n","protected":false},"author":96,"featured_media":79348,"comment_status":"closed","ping_status":"closed","sticky":false,"template":"","format":"standard","meta":{"footnotes":""},"categories":[261],"tags":[],"class_list":["post-79349","post","type-post","status-publish","format-standard","has-post-thumbnail","hentry","category-economia"],"_links":{"self":[{"href":"https:\/\/diarioregionaldigital.com.br\/index.php?rest_route=\/wp\/v2\/posts\/79349","targetHints":{"allow":["GET"]}}],"collection":[{"href":"https:\/\/diarioregionaldigital.com.br\/index.php?rest_route=\/wp\/v2\/posts"}],"about":[{"href":"https:\/\/diarioregionaldigital.com.br\/index.php?rest_route=\/wp\/v2\/types\/post"}],"author":[{"embeddable":true,"href":"https:\/\/diarioregionaldigital.com.br\/index.php?rest_route=\/wp\/v2\/users\/96"}],"replies":[{"embeddable":true,"href":"https:\/\/diarioregionaldigital.com.br\/index.php?rest_route=%2Fwp%2Fv2%2Fcomments&post=79349"}],"version-history":[{"count":0,"href":"https:\/\/diarioregionaldigital.com.br\/index.php?rest_route=\/wp\/v2\/posts\/79349\/revisions"}],"wp:featuredmedia":[{"embeddable":true,"href":"https:\/\/diarioregionaldigital.com.br\/index.php?rest_route=\/wp\/v2\/media\/79348"}],"wp:attachment":[{"href":"https:\/\/diarioregionaldigital.com.br\/index.php?rest_route=%2Fwp%2Fv2%2Fmedia&parent=79349"}],"wp:term":[{"taxonomy":"category","embeddable":true,"href":"https:\/\/diarioregionaldigital.com.br\/index.php?rest_route=%2Fwp%2Fv2%2Fcategories&post=79349"},{"taxonomy":"post_tag","embeddable":true,"href":"https:\/\/diarioregionaldigital.com.br\/index.php?rest_route=%2Fwp%2Fv2%2Ftags&post=79349"}],"curies":[{"name":"wp","href":"https:\/\/api.w.org\/{rel}","templated":true}]}}