{"id":79347,"date":"2017-08-17T20:17:15","date_gmt":"2017-08-17T23:17:15","guid":{"rendered":"http:\/\/diarioregionaljf.com.br\/2017\/08\/17\/caixa-destina-r-1-bilhao-para-impulsionar-varejo-no-pais\/"},"modified":"2017-08-17T20:17:15","modified_gmt":"2017-08-17T23:17:15","slug":"caixa-destina-r-1-bilhao-para-impulsionar-varejo-no-pais","status":"publish","type":"post","link":"https:\/\/diarioregionaldigital.com.br\/?p=79347","title":{"rendered":"Caixa destina R$1 bilh\u00e3o para impulsionar varejo no pais"},"content":{"rendered":"<p>A Caixa Econ\u00f4mica Federal e a Confedera\u00e7\u00e3o Nacional de Dirigentes Lojistas (CNDL) assinam nessa quinta-feira, 17, o acordo de coopera\u00e7\u00e3o para impulsionar o segmento varejista do pa\u00eds. O banco vai destinar R$1 bilh\u00e3o em recursos para o setor, al\u00e9m de disponibilizar condi\u00e7\u00f5es diferenciadas para os associados do sistema CNDL. Denominado de Avan\u00e7a Varejo, o programa ter\u00e1 linhas de capital de giro, cr\u00e9dito rotativo, de investimento e financiamento.<\/p>\n<p>O acordo vai atender a cerca de 450 mil lojistas associados \u00e0 CNDL, com mais de 1 milh\u00e3o de estabelecimentos comerciais de pequeno, m\u00e9dio e grande porte em todo o Brasil. Por meio do conv\u00eanio firmado, o empreendedor vai dispor de linhas diversificadas para o financiamento de \u00f4nibus, caminh\u00f5es, m\u00e1quinas e equipamentos novos, aquisi\u00e7\u00e3o de softwares e servi\u00e7os correlatos no mercado interno, al\u00e9m de investimento em inova\u00e7\u00f5es.<\/p>\n<p>Fonte: Ag\u00eancia Brasil<\/p>\n","protected":false},"excerpt":{"rendered":"<p>A Caixa Econ\u00f4mica Federal e a Confedera\u00e7\u00e3o Nacional de Dirigentes Lojistas (CNDL) assinam nessa quinta-feira, 17, o acordo de coopera\u00e7\u00e3o para impulsionar o segmento varejista do pa\u00eds. O banco vai destinar R$1 bilh\u00e3o em recursos para o setor, al\u00e9m de disponibilizar condi\u00e7\u00f5es diferenciadas para os associados do sistema CNDL. Denominado de Avan\u00e7a Varejo, o programa [&hellip;]<\/p>\n","protected":false},"author":96,"featured_media":79346,"comment_status":"closed","ping_status":"closed","sticky":false,"template":"","format":"standard","meta":{"footnotes":""},"categories":[261],"tags":[],"class_list":["post-79347","post","type-post","status-publish","format-standard","has-post-thumbnail","hentry","category-economia"],"_links":{"self":[{"href":"https:\/\/diarioregionaldigital.com.br\/index.php?rest_route=\/wp\/v2\/posts\/79347","targetHints":{"allow":["GET"]}}],"collection":[{"href":"https:\/\/diarioregionaldigital.com.br\/index.php?rest_route=\/wp\/v2\/posts"}],"about":[{"href":"https:\/\/diarioregionaldigital.com.br\/index.php?rest_route=\/wp\/v2\/types\/post"}],"author":[{"embeddable":true,"href":"https:\/\/diarioregionaldigital.com.br\/index.php?rest_route=\/wp\/v2\/users\/96"}],"replies":[{"embeddable":true,"href":"https:\/\/diarioregionaldigital.com.br\/index.php?rest_route=%2Fwp%2Fv2%2Fcomments&post=79347"}],"version-history":[{"count":0,"href":"https:\/\/diarioregionaldigital.com.br\/index.php?rest_route=\/wp\/v2\/posts\/79347\/revisions"}],"wp:featuredmedia":[{"embeddable":true,"href":"https:\/\/diarioregionaldigital.com.br\/index.php?rest_route=\/wp\/v2\/media\/79346"}],"wp:attachment":[{"href":"https:\/\/diarioregionaldigital.com.br\/index.php?rest_route=%2Fwp%2Fv2%2Fmedia&parent=79347"}],"wp:term":[{"taxonomy":"category","embeddable":true,"href":"https:\/\/diarioregionaldigital.com.br\/index.php?rest_route=%2Fwp%2Fv2%2Fcategories&post=79347"},{"taxonomy":"post_tag","embeddable":true,"href":"https:\/\/diarioregionaldigital.com.br\/index.php?rest_route=%2Fwp%2Fv2%2Ftags&post=79347"}],"curies":[{"name":"wp","href":"https:\/\/api.w.org\/{rel}","templated":true}]}}