{"id":79343,"date":"2017-08-17T20:06:45","date_gmt":"2017-08-17T23:06:45","guid":{"rendered":"http:\/\/diarioregionaljf.com.br\/2017\/08\/17\/economia-brasileira-avanca-0-25-no-segundo-trimestre\/"},"modified":"2017-08-17T20:06:45","modified_gmt":"2017-08-17T23:06:45","slug":"economia-brasileira-avanca-0-25-no-segundo-trimestre","status":"publish","type":"post","link":"https:\/\/diarioregionaldigital.com.br\/?p=79343","title":{"rendered":"Economia brasileira avan\u00e7a 0,25% no segundo trimestre"},"content":{"rendered":"<p>Pela segunda vez seguida, o \u00cdndice de Atividade Econ\u00f4mica do Banco Central (IBC-Br) registrou crescimento. Em abril, maio e junho, o \u00edndice acumulou alta de 0,25% quando comparado com o primeiro trimestre de 2017.<\/p>\n<p>Os dados divulgados nessa quinta-feira, 17, tamb\u00e9m revelam que, somente em junho, o IBC-Br registrou crescimento de 0,50%, na compara\u00e7\u00e3o com maio. Considerado uma pr\u00e9via do Produto Interno Bruto (PIB), o \u00edndice \u00e9 medido pelo pr\u00f3prio Banco Central e serve como par\u00e2metro para avaliar o comportamento da economia brasileira.<\/p>\n<p>Ao mesmo tempo, a autoridade monet\u00e1ria manteve o crescimento do trimestre anterior, encerrado em maio, em 1,12%, diante da recupera\u00e7\u00e3o dos setores de com\u00e9rcio, servi\u00e7os e da ind\u00fastria.<\/p>\n<p>Com isso, o resultado refor\u00e7a o entendimento tanto do mercado financeiro quanto da equipe econ\u00f4mica de que a economia brasileira vem consolidando a retomada da atividade econ\u00f4mica, mesmo que de forma gradual.<\/p>\n<p>No primeiro trimestre, o Produto Interno Bruto (PIB) cresceu 1% na compara\u00e7\u00e3o com o trimestre imediatamente anterior. Para este ano, a previs\u00e3o \u00e9 de que a economia cres\u00e7a 0,34%, segundo o Boletim Focus, documento elaborado pelo Banco Central e que re\u00fane as proje\u00e7\u00f5es de analistas das institui\u00e7\u00f5es financeiras.<\/p>\n<h4>FUTURO PROMISSOR<\/h4>\n<p>Diante dos efeitos das reformas econ\u00f4micas, o Brasil vem conseguindo escapar da combina\u00e7\u00e3o perversa de crescimento baixo, infla\u00e7\u00e3o alta e juros galopantes.<\/p>\n<p>Atualmente, a infla\u00e7\u00e3o oficial do Pa\u00eds est\u00e1 em 2,71%, a menor desde 1999, enquanto a taxa b\u00e1sica de juros voltou a um d\u00edgito, fixada em 9,25% ao ano. Para este ano, a previs\u00e3o \u00e9 de que essas taxas encerrem o ano em 3,5% e 7,50%, respectivamente.<\/p>\n<p>Fonte: Portal Brasil<\/p>\n","protected":false},"excerpt":{"rendered":"<p>Pela segunda vez seguida, o \u00cdndice de Atividade Econ\u00f4mica do Banco Central (IBC-Br) registrou crescimento. Em abril, maio e junho, o \u00edndice acumulou alta de 0,25% quando comparado com o primeiro trimestre de 2017. Os dados divulgados nessa quinta-feira, 17, tamb\u00e9m revelam que, somente em junho, o IBC-Br registrou crescimento de 0,50%, na compara\u00e7\u00e3o com [&hellip;]<\/p>\n","protected":false},"author":96,"featured_media":79342,"comment_status":"closed","ping_status":"closed","sticky":false,"template":"","format":"standard","meta":{"footnotes":""},"categories":[261],"tags":[],"class_list":["post-79343","post","type-post","status-publish","format-standard","has-post-thumbnail","hentry","category-economia"],"_links":{"self":[{"href":"https:\/\/diarioregionaldigital.com.br\/index.php?rest_route=\/wp\/v2\/posts\/79343","targetHints":{"allow":["GET"]}}],"collection":[{"href":"https:\/\/diarioregionaldigital.com.br\/index.php?rest_route=\/wp\/v2\/posts"}],"about":[{"href":"https:\/\/diarioregionaldigital.com.br\/index.php?rest_route=\/wp\/v2\/types\/post"}],"author":[{"embeddable":true,"href":"https:\/\/diarioregionaldigital.com.br\/index.php?rest_route=\/wp\/v2\/users\/96"}],"replies":[{"embeddable":true,"href":"https:\/\/diarioregionaldigital.com.br\/index.php?rest_route=%2Fwp%2Fv2%2Fcomments&post=79343"}],"version-history":[{"count":0,"href":"https:\/\/diarioregionaldigital.com.br\/index.php?rest_route=\/wp\/v2\/posts\/79343\/revisions"}],"wp:featuredmedia":[{"embeddable":true,"href":"https:\/\/diarioregionaldigital.com.br\/index.php?rest_route=\/wp\/v2\/media\/79342"}],"wp:attachment":[{"href":"https:\/\/diarioregionaldigital.com.br\/index.php?rest_route=%2Fwp%2Fv2%2Fmedia&parent=79343"}],"wp:term":[{"taxonomy":"category","embeddable":true,"href":"https:\/\/diarioregionaldigital.com.br\/index.php?rest_route=%2Fwp%2Fv2%2Fcategories&post=79343"},{"taxonomy":"post_tag","embeddable":true,"href":"https:\/\/diarioregionaldigital.com.br\/index.php?rest_route=%2Fwp%2Fv2%2Ftags&post=79343"}],"curies":[{"name":"wp","href":"https:\/\/api.w.org\/{rel}","templated":true}]}}