{"id":79238,"date":"2017-08-16T14:45:20","date_gmt":"2017-08-16T17:45:20","guid":{"rendered":"http:\/\/diarioregionaljf.com.br\/2017\/08\/16\/predio-da-funalfa-recebe-iluminacao-especial-para-a-rainbow-fest\/"},"modified":"2017-08-16T14:45:20","modified_gmt":"2017-08-16T17:45:20","slug":"predio-da-funalfa-recebe-iluminacao-especial-para-a-rainbow-fest","status":"publish","type":"post","link":"https:\/\/diarioregionaldigital.com.br\/?p=79238","title":{"rendered":"Pr\u00e9dio da Funalfa recebe ilumina\u00e7\u00e3o especial para a Rainbow Fest"},"content":{"rendered":"<p>Nesta semana, Juiz de Fora sedia a Rainbow Fest Brasil 2017 e j\u00e1 est\u00e1 preparada para receber o p\u00fablico LGBT (l\u00e9sbicas, gays, bissexuais e transg\u00eaneros). O setor el\u00e9trico e de ilumina\u00e7\u00e3o da Prefeitura de Juiz de Fora (PJF) instalou nova ilumina\u00e7\u00e3o no pr\u00e9dio da Funalfa, onde, nesta segunda-feira, 14, j\u00e1 reluziam as cores do s\u00edmbolo do orgulho LGBT. Foram instaladas 13 l\u00e2mpadas de multivapor met\u00e1lico de 400 watts, que funcionam alternadamente nas cores do arco-\u00edris.<\/p>\n<p>A volta de eventos como esse para a cidade, que contam com festivais de cinema, palestras, debates e shows ao longo da semana, e com o concurso Miss Brasil Gay, no s\u00e1bado, 19, contribui para a promo\u00e7\u00e3o da diversidade e do combate \u00e0 homofobia, fazendo com que Juiz de Fora continue a ser exemplo para o resto do pa\u00eds.<\/p>\n<p>Fonte: Prefeitura de Juiz de Fora&nbsp;<\/p>\n","protected":false},"excerpt":{"rendered":"<p>Nesta semana, Juiz de Fora sedia a Rainbow Fest Brasil 2017 e j\u00e1 est\u00e1 preparada para receber o p\u00fablico LGBT (l\u00e9sbicas, gays, bissexuais e transg\u00eaneros). O setor el\u00e9trico e de ilumina\u00e7\u00e3o da Prefeitura de Juiz de Fora (PJF) instalou nova ilumina\u00e7\u00e3o no pr\u00e9dio da Funalfa, onde, nesta segunda-feira, 14, j\u00e1 reluziam as cores do s\u00edmbolo [&hellip;]<\/p>\n","protected":false},"author":96,"featured_media":79237,"comment_status":"closed","ping_status":"closed","sticky":false,"template":"","format":"standard","meta":{"footnotes":""},"categories":[253],"tags":[],"class_list":["post-79238","post","type-post","status-publish","format-standard","has-post-thumbnail","hentry","category-cidade"],"_links":{"self":[{"href":"https:\/\/diarioregionaldigital.com.br\/index.php?rest_route=\/wp\/v2\/posts\/79238","targetHints":{"allow":["GET"]}}],"collection":[{"href":"https:\/\/diarioregionaldigital.com.br\/index.php?rest_route=\/wp\/v2\/posts"}],"about":[{"href":"https:\/\/diarioregionaldigital.com.br\/index.php?rest_route=\/wp\/v2\/types\/post"}],"author":[{"embeddable":true,"href":"https:\/\/diarioregionaldigital.com.br\/index.php?rest_route=\/wp\/v2\/users\/96"}],"replies":[{"embeddable":true,"href":"https:\/\/diarioregionaldigital.com.br\/index.php?rest_route=%2Fwp%2Fv2%2Fcomments&post=79238"}],"version-history":[{"count":0,"href":"https:\/\/diarioregionaldigital.com.br\/index.php?rest_route=\/wp\/v2\/posts\/79238\/revisions"}],"wp:featuredmedia":[{"embeddable":true,"href":"https:\/\/diarioregionaldigital.com.br\/index.php?rest_route=\/wp\/v2\/media\/79237"}],"wp:attachment":[{"href":"https:\/\/diarioregionaldigital.com.br\/index.php?rest_route=%2Fwp%2Fv2%2Fmedia&parent=79238"}],"wp:term":[{"taxonomy":"category","embeddable":true,"href":"https:\/\/diarioregionaldigital.com.br\/index.php?rest_route=%2Fwp%2Fv2%2Fcategories&post=79238"},{"taxonomy":"post_tag","embeddable":true,"href":"https:\/\/diarioregionaldigital.com.br\/index.php?rest_route=%2Fwp%2Fv2%2Ftags&post=79238"}],"curies":[{"name":"wp","href":"https:\/\/api.w.org\/{rel}","templated":true}]}}